{"id":104380,"date":"2020-11-11T09:29:00","date_gmt":"2020-11-11T14:29:00","guid":{"rendered":"https:\/\/linitiative.ca\/International\/rachid-nekkaz-reste-en-prison\/"},"modified":"2020-11-11T09:29:00","modified_gmt":"2020-11-11T14:29:00","slug":"rachid-nekkaz-reste-en-prison","status":"publish","type":"post","link":"https:\/\/linitiative.ca\/International\/rachid-nekkaz-reste-en-prison\/","title":{"rendered":"Rachid Nekkaz reste en prison"},"content":{"rendered":"<div id=\"originalText\" readability=\"47\">\n<p>La chambre d\u2019accusation de la Cour d\u2019Alger a rejet\u00e9, ce mercredi, la demande de lib\u00e9ration de l\u2019activiste politique Rachid Nekkaz, plac\u00e9 sous mandat d\u00e9p\u00f4t depuis avril 2020, \u00e0 la prison Kol\u00e9a, a fait savoir son avocate Me Zoubida Assoul, sur son compte facebook, qualifiant cette d\u00e9cision d\u2019\u00a0\u00ababusif\u00a0\u00bb.\u00a0<\/p>\n<p>Rachid Nekkaz est poursuivi pour \u201cappel au meurtre\u201d suite \u00e0 une vid\u00e9o dans laquelle il mena\u00e7ait les parlementaires de \u201cpasser \u00e0 la kalachnikov\u201d s\u2019ils votaient la loi sur les hydrocarbures, fin 2019.<\/p>\n<p class=\"c6\"><strong>R\u00e9daction Web<\/strong><\/p>\n<\/div>\n<div id=\"text_core\" readability=\"47\">\n<p>La chambre d\u2019accusation de la Cour d\u2019Alger a rejet\u00e9, ce mercredi, la demande de lib\u00e9ration de l\u2019activiste politique Rachid Nekkaz, plac\u00e9 sous mandat d\u00e9p\u00f4t depuis avril 2020, \u00e0 la prison Kol\u00e9a, a fait savoir son avocate Me Zoubida Assoul, sur son compte facebook, qualifiant cette d\u00e9cision d\u2019\u00a0\u00ababusif\u00a0\u00bb.\u00a0<\/p>\n<p>Rachid Nekkaz est poursuivi pour \u201cappel au meurtre\u201d suite \u00e0 une vid\u00e9o dans laquelle il mena\u00e7ait les parlementaires de \u201cpasser \u00e0 la kalachnikov\u201d s\u2019ils votaient la loi sur les hydrocarbures, fin 2019.<\/p>\n<p class=\"c6\"><strong>R\u00e9daction Web<\/strong><\/p>\n<\/div>\n<p>Auteur:<br \/>\n<a href=\"https:\/\/www.liberte-algerie.com\/actualite\/rachid-nekkaz-reste-en-prison-348843\">Cliquez ici pour lire l&rsquo;article depuis sa source.<\/a><\/p>\n","protected":false},"excerpt":{"rendered":"<p>La chambre d\u2019accusation de la Cour d\u2019Alger a rejet\u00e9, ce mercredi, la demande de lib\u00e9ration de l\u2019activiste politique Rachid Nekkaz, plac\u00e9 sous mandat d\u00e9p\u00f4t depuis avril 2020, \u00e0 la prison Kol\u00e9a, a fait savoir son avocate Me Zoubida Assoul, sur son compte facebook, qualifiant cette d\u00e9cision d\u2019\u00a0\u00ababusif\u00a0\u00bb.\u00a0 Rachid Nekkaz est poursuivi pour \u201cappel au meurtre\u201d [&hellip;]<\/p>\n","protected":false},"author":1742,"featured_media":0,"comment_status":"closed","ping_status":"closed","sticky":false,"template":"","format":"standard","meta":{"fifu_image_url":"","fifu_image_alt":"","footnotes":""},"categories":[73,53],"tags":[],"class_list":["post-104380","post","type-post","status-publish","format-standard","hentry","category-actualite","category-algerie"],"_links":{"self":[{"href":"https:\/\/linitiative.ca\/International\/wp-json\/wp\/v2\/posts\/104380","targetHints":{"allow":["GET"]}}],"collection":[{"href":"https:\/\/linitiative.ca\/International\/wp-json\/wp\/v2\/posts"}],"about":[{"href":"https:\/\/linitiative.ca\/International\/wp-json\/wp\/v2\/types\/post"}],"author":[{"embeddable":true,"href":"https:\/\/linitiative.ca\/International\/wp-json\/wp\/v2\/users\/1742"}],"replies":[{"embeddable":true,"href":"https:\/\/linitiative.ca\/International\/wp-json\/wp\/v2\/comments?post=104380"}],"version-history":[{"count":0,"href":"https:\/\/linitiative.ca\/International\/wp-json\/wp\/v2\/posts\/104380\/revisions"}],"wp:attachment":[{"href":"https:\/\/linitiative.ca\/International\/wp-json\/wp\/v2\/media?parent=104380"}],"wp:term":[{"taxonomy":"category","embeddable":true,"href":"https:\/\/linitiative.ca\/International\/wp-json\/wp\/v2\/categories?post=104380"},{"taxonomy":"post_tag","embeddable":true,"href":"https:\/\/linitiative.ca\/International\/wp-json\/wp\/v2\/tags?post=104380"}],"curies":[{"name":"wp","href":"https:\/\/api.w.org\/{rel}","templated":true}]}}