{"id":104384,"date":"2020-11-11T14:53:12","date_gmt":"2020-11-11T19:53:12","guid":{"rendered":"https:\/\/linitiative.ca\/International\/finance-climat-encore-des-efforts-a-faire\/"},"modified":"2020-11-11T14:53:12","modified_gmt":"2020-11-11T19:53:12","slug":"finance-climat-encore-des-efforts-a-faire","status":"publish","type":"post","link":"https:\/\/linitiative.ca\/International\/finance-climat-encore-des-efforts-a-faire\/","title":{"rendered":"Finance climat: Encore des efforts \u00e0 faire"},"content":{"rendered":"<div class=\"body\">\n<div class=\"field field-name-body field-type-text-with-summary field-label-hidden\">\n<div class=\"field-items\" readability=\"12\">\n<div class=\"field-item even\" property=\"content:encoded\" readability=\"19\">\n<p class=\"rtejustify\">Le panorama des financements climat au Maroc qui vient d\u2019\u00eatre pr\u00e9sent\u00e9 derni\u00e8rement par CDG et AFD fait ressortir une importante participation des acteurs du public. Ainsi l\u2019investissement global r\u00e9alis\u00e9 entre 2011et 2018 dans la finance verte s\u2019\u00e9l\u00e8ve \u00e0 111,5 milliards de DH. Sur ce total, les acteurs publics, dont la CDG, ont g\u00e9n\u00e9r\u00e9 5,6 milliards d&rsquo;investissements. Pour Adbellatif Zaghnoun DG de la CDG, \u00abl\u2019effort global reste en-de\u00e7\u00e0 de ce qui est requis, puisque notre pays doit investir en moyenne 74 milliards de DH par an, contre seulement 14 milliards actuellement\u00bb. D\u2019o\u00f9 son appel, \u00e0 \u00abtous se mobiliser pleinement pour combler ce gap\u00bb.<br \/><em>M.A.B.\u00a0 <\/em><\/p>\n<\/div>\n<\/div>\n<\/div>\n<\/div>\n<div class=\"eco-conseil\">\n<div class=\"view view-eco-conseil-16 view-id-eco_conseil_16 view-display-id-cookies view-dom-id-b5934e794da51c85b21d3d25b0cf7e84\">\n<div class=\"view-content\">\n<div id=\"views-bootstrap-grid-1\" class=\"views-bootstrap-grid-plugin-style\">\n<div class=\"row\">\n<div class=\" col-xs-12 col-lg-4\">\n<div class=\"row\">\n<div class=\"col col-xs-12 col-lg-12\">\n<div class=\"field-content\"><a href=\"\/article\/1069461-emploi-un-forum-virtuel-pour-les-jeunes\"><img loading=\"lazy\" decoding=\"async\" class=\"img-responsive\" typeof=\"foaf:Image\" src=\"https:\/\/www.leconomiste.com\/sites\/default\/files\/eco7\/public\/styles\/800x400\/public\/default_images\/default_une.jpg?itok=4jZlgnIZ\" width=\"660\" height=\"330\" alt=\"\"\/><\/a><\/div>\n<\/div>\n<div class=\" title_suite_2 col col-xs-12 col-lg-12\"> <a href=\"\/article\/1069461-emploi-un-forum-virtuel-pour-les-jeunes\"\/><span class=\"field-content\">Emploi: Un forum virtuel pour les jeunes<\/span><\/div>\n<\/div>\n<\/div>\n<div class=\" col-xs-12 col-lg-4\">\n<div class=\"row\">\n<div class=\"col col-xs-12 col-lg-12\">\n<div class=\"field-content\"><a href=\"\/article\/1069460-afd-soutient-la-formation-aux-metiers-des-musees-et-du-patrimoine\"><img loading=\"lazy\" decoding=\"async\" class=\"img-responsive\" typeof=\"foaf:Image\" src=\"https:\/\/www.leconomiste.com\/sites\/default\/files\/eco7\/public\/styles\/800x400\/public\/default_images\/default_une.jpg?itok=4jZlgnIZ\" width=\"660\" height=\"330\" alt=\"\"\/><\/a><\/div>\n<\/div>\n<div class=\" title_suite_2 col col-xs-12 col-lg-12\"> <a href=\"\/article\/1069460-afd-soutient-la-formation-aux-metiers-des-musees-et-du-patrimoine\"\/><span class=\"field-content\">AFD soutient la formation aux m\u00e9tiers des mus\u00e9es et du patrimoine <\/span><\/div>\n<\/div>\n<\/div>\n<div class=\" col-xs-12 col-lg-4\">\n<div class=\"row\">\n<div class=\"col col-xs-12 col-lg-12\">\n<div class=\"field-content\"><a href=\"\/article\/1069458-maroc-france-le-pacte-economique-pour-2021\"><img loading=\"lazy\" decoding=\"async\" class=\"img-responsive\" typeof=\"foaf:Image\" src=\"https:\/\/www.leconomiste.com\/sites\/default\/files\/eco7\/public\/styles\/800x400\/public\/default_images\/default_une.jpg?itok=4jZlgnIZ\" width=\"660\" height=\"330\" alt=\"\"\/><\/a><\/div>\n<\/div>\n<div class=\" title_suite_2 col col-xs-12 col-lg-12\"> <a href=\"\/article\/1069458-maroc-france-le-pacte-economique-pour-2021\"\/><span class=\"field-content\">Maroc-France: Le pacte \u00e9conomique pour 2021<\/span><\/div>\n<\/div>\n<\/div>\n<\/div>\n<\/div>\n<\/div>\n<\/div>\n<\/div>\n<p>Auteur: hlafriqi<br \/>\n<a href=\"https:\/\/www.leconomiste.com\/article\/1069459-finance-climat-encore-des-efforts-faire\">Cliquez ici pour lire l&rsquo;article depuis sa source.<\/a><\/p>\n","protected":false},"excerpt":{"rendered":"<p>Le panorama des financements climat au Maroc qui vient d\u2019\u00eatre pr\u00e9sent\u00e9 derni\u00e8rement par CDG et AFD fait ressortir une importante participation des acteurs du public. Ainsi l\u2019investissement global r\u00e9alis\u00e9 entre 2011et 2018 dans la finance verte s\u2019\u00e9l\u00e8ve \u00e0 111,5 milliards de DH. Sur ce total, les acteurs publics, dont la CDG, ont g\u00e9n\u00e9r\u00e9 5,6 milliards [&hellip;]<\/p>\n","protected":false},"author":1763,"featured_media":0,"comment_status":"closed","ping_status":"closed","sticky":false,"template":"","format":"standard","meta":{"fifu_image_url":"","fifu_image_alt":"","footnotes":""},"categories":[78,54],"tags":[],"class_list":["post-104384","post","type-post","status-publish","format-standard","hentry","category-economie","category-maroc"],"_links":{"self":[{"href":"https:\/\/linitiative.ca\/International\/wp-json\/wp\/v2\/posts\/104384","targetHints":{"allow":["GET"]}}],"collection":[{"href":"https:\/\/linitiative.ca\/International\/wp-json\/wp\/v2\/posts"}],"about":[{"href":"https:\/\/linitiative.ca\/International\/wp-json\/wp\/v2\/types\/post"}],"author":[{"embeddable":true,"href":"https:\/\/linitiative.ca\/International\/wp-json\/wp\/v2\/users\/1763"}],"replies":[{"embeddable":true,"href":"https:\/\/linitiative.ca\/International\/wp-json\/wp\/v2\/comments?post=104384"}],"version-history":[{"count":0,"href":"https:\/\/linitiative.ca\/International\/wp-json\/wp\/v2\/posts\/104384\/revisions"}],"wp:attachment":[{"href":"https:\/\/linitiative.ca\/International\/wp-json\/wp\/v2\/media?parent=104384"}],"wp:term":[{"taxonomy":"category","embeddable":true,"href":"https:\/\/linitiative.ca\/International\/wp-json\/wp\/v2\/categories?post=104384"},{"taxonomy":"post_tag","embeddable":true,"href":"https:\/\/linitiative.ca\/International\/wp-json\/wp\/v2\/tags?post=104384"}],"curies":[{"name":"wp","href":"https:\/\/api.w.org\/{rel}","templated":true}]}}