{"id":104385,"date":"2020-11-11T14:53:15","date_gmt":"2020-11-11T19:53:15","guid":{"rendered":"https:\/\/linitiative.ca\/International\/afd-soutient-la-formation-aux-metiers-des-musees-et-du-patrimoine\/"},"modified":"2020-11-11T14:53:15","modified_gmt":"2020-11-11T19:53:15","slug":"afd-soutient-la-formation-aux-metiers-des-musees-et-du-patrimoine","status":"publish","type":"post","link":"https:\/\/linitiative.ca\/International\/afd-soutient-la-formation-aux-metiers-des-musees-et-du-patrimoine\/","title":{"rendered":"AFD soutient la formation aux m\u00e9tiers des mus\u00e9es et du patrimoine"},"content":{"rendered":"<div class=\"author\" readability=\"5.6\"> Par <a href=\"\/content\/l-economiste\">L&rsquo;Economiste<\/a> <a href=\"\/node\/\"> <\/a> | Edition N\u00b0:5881 Le 10\/11\/2020 | Partager <\/div>\n<div class=\"body\">\n<div class=\"field field-name-body field-type-text-with-summary field-label-hidden\">\n<div class=\"field-items\" readability=\"8\">\n<div class=\"field-item even\" property=\"content:encoded\" readability=\"11\">\n<p class=\"rtejustify\">L\u2019Agence Fran\u00e7aise de D\u00e9veloppement apporte son soutien \u00e0 la Fondation Nationale des mus\u00e9es. Les deux parties ont sign\u00e9 une convention de subvention de 300.000 euros pour financer un programme panafricain de formation aux m\u00e9tiers des mus\u00e9es et du patrimoine en Afrique. L\u2019objectif est de mettre en \u0153uvre un programme de renforcement des capacit\u00e9s et d\u2019\u00e9change d\u2019exp\u00e9riences dans le cadre d\u2019une coop\u00e9ration panafricaine, tout en mobilisant l\u2019expertise fran\u00e7aise dans la gestion des mus\u00e9es et la pr\u00e9servation des objets d\u2019art.<br \/><em>M.A.B.<\/em><\/p>\n<\/div>\n<\/div>\n<\/div>\n<\/div>\n<div class=\"eco-conseil\">\n<div class=\"view view-eco-conseil-16 view-id-eco_conseil_16 view-display-id-cookies view-dom-id-fbc4f0947305dd4a44af201dc003742c\">\n<div class=\"view-content\">\n<div id=\"views-bootstrap-grid-1\" class=\"views-bootstrap-grid-plugin-style\">\n<div class=\"row\">\n<div class=\" col-xs-12 col-lg-4\">\n<div class=\"row\">\n<div class=\"col col-xs-12 col-lg-12\">\n<div class=\"field-content\"><a href=\"\/article\/1069461-emploi-un-forum-virtuel-pour-les-jeunes\"><img loading=\"lazy\" decoding=\"async\" class=\"img-responsive\" typeof=\"foaf:Image\" src=\"https:\/\/www.leconomiste.com\/sites\/default\/files\/eco7\/public\/styles\/800x400\/public\/default_images\/default_une.jpg?itok=4jZlgnIZ\" width=\"660\" height=\"330\" alt=\"\"\/><\/a><\/div>\n<\/div>\n<div class=\" title_suite_2 col col-xs-12 col-lg-12\"> <a href=\"\/article\/1069461-emploi-un-forum-virtuel-pour-les-jeunes\"\/><span class=\"field-content\">Emploi: Un forum virtuel pour les jeunes<\/span><\/div>\n<\/div>\n<\/div>\n<div class=\" col-xs-12 col-lg-4\">\n<div class=\"row\">\n<div class=\"col col-xs-12 col-lg-12\">\n<div class=\"field-content\"><a href=\"\/article\/1069459-finance-climat-encore-des-efforts-faire\"><img loading=\"lazy\" decoding=\"async\" class=\"img-responsive\" typeof=\"foaf:Image\" src=\"https:\/\/www.leconomiste.com\/sites\/default\/files\/eco7\/public\/styles\/800x400\/public\/default_images\/default_une.jpg?itok=4jZlgnIZ\" width=\"660\" height=\"330\" alt=\"\"\/><\/a><\/div>\n<\/div>\n<div class=\" title_suite_2 col col-xs-12 col-lg-12\"> <a href=\"\/article\/1069459-finance-climat-encore-des-efforts-faire\"\/><span class=\"field-content\">Finance climat: Encore des efforts \u00e0 faire <\/span><\/div>\n<\/div>\n<\/div>\n<div class=\" col-xs-12 col-lg-4\">\n<div class=\"row\">\n<div class=\"col col-xs-12 col-lg-12\">\n<div class=\"field-content\"><a href=\"\/article\/1069458-maroc-france-le-pacte-economique-pour-2021\"><img loading=\"lazy\" decoding=\"async\" class=\"img-responsive\" typeof=\"foaf:Image\" src=\"https:\/\/www.leconomiste.com\/sites\/default\/files\/eco7\/public\/styles\/800x400\/public\/default_images\/default_une.jpg?itok=4jZlgnIZ\" width=\"660\" height=\"330\" alt=\"\"\/><\/a><\/div>\n<\/div>\n<div class=\" title_suite_2 col col-xs-12 col-lg-12\"> <a href=\"\/article\/1069458-maroc-france-le-pacte-economique-pour-2021\"\/><span class=\"field-content\">Maroc-France: Le pacte \u00e9conomique pour 2021<\/span><\/div>\n<\/div>\n<\/div>\n<\/div>\n<\/div>\n<\/div>\n<\/div>\n<\/div>\n<p>Auteur: hlafriqi<br \/>\n<a href=\"https:\/\/www.leconomiste.com\/article\/1069460-afd-soutient-la-formation-aux-metiers-des-musees-et-du-patrimoine\">Cliquez ici pour lire l&rsquo;article depuis sa source.<\/a><\/p>\n","protected":false},"excerpt":{"rendered":"<p>Par L&rsquo;Economiste | Edition N\u00b0:5881 Le 10\/11\/2020 | Partager L\u2019Agence Fran\u00e7aise de D\u00e9veloppement apporte son soutien \u00e0 la Fondation Nationale des mus\u00e9es. Les deux parties ont sign\u00e9 une convention de subvention de 300.000 euros pour financer un programme panafricain de formation aux m\u00e9tiers des mus\u00e9es et du patrimoine en Afrique. L\u2019objectif est de mettre en [&hellip;]<\/p>\n","protected":false},"author":1763,"featured_media":0,"comment_status":"closed","ping_status":"closed","sticky":false,"template":"","format":"standard","meta":{"fifu_image_url":"","fifu_image_alt":"","footnotes":""},"categories":[78,54],"tags":[],"class_list":["post-104385","post","type-post","status-publish","format-standard","hentry","category-economie","category-maroc"],"_links":{"self":[{"href":"https:\/\/linitiative.ca\/International\/wp-json\/wp\/v2\/posts\/104385","targetHints":{"allow":["GET"]}}],"collection":[{"href":"https:\/\/linitiative.ca\/International\/wp-json\/wp\/v2\/posts"}],"about":[{"href":"https:\/\/linitiative.ca\/International\/wp-json\/wp\/v2\/types\/post"}],"author":[{"embeddable":true,"href":"https:\/\/linitiative.ca\/International\/wp-json\/wp\/v2\/users\/1763"}],"replies":[{"embeddable":true,"href":"https:\/\/linitiative.ca\/International\/wp-json\/wp\/v2\/comments?post=104385"}],"version-history":[{"count":0,"href":"https:\/\/linitiative.ca\/International\/wp-json\/wp\/v2\/posts\/104385\/revisions"}],"wp:attachment":[{"href":"https:\/\/linitiative.ca\/International\/wp-json\/wp\/v2\/media?parent=104385"}],"wp:term":[{"taxonomy":"category","embeddable":true,"href":"https:\/\/linitiative.ca\/International\/wp-json\/wp\/v2\/categories?post=104385"},{"taxonomy":"post_tag","embeddable":true,"href":"https:\/\/linitiative.ca\/International\/wp-json\/wp\/v2\/tags?post=104385"}],"curies":[{"name":"wp","href":"https:\/\/api.w.org\/{rel}","templated":true}]}}