{"id":104386,"date":"2020-11-11T14:53:16","date_gmt":"2020-11-11T19:53:16","guid":{"rendered":"https:\/\/linitiative.ca\/International\/emploi-un-forum-virtuel-pour-les-jeunes\/"},"modified":"2020-11-11T14:53:16","modified_gmt":"2020-11-11T19:53:16","slug":"emploi-un-forum-virtuel-pour-les-jeunes","status":"publish","type":"post","link":"https:\/\/linitiative.ca\/International\/emploi-un-forum-virtuel-pour-les-jeunes\/","title":{"rendered":"Emploi: Un forum virtuel pour les jeunes"},"content":{"rendered":"<div class=\"author\" readability=\"5.6949152542373\"> Par <a href=\"\/content\/ahlam-nazih\"> Ahlam NAZIH<\/a> <a href=\"\/node\/\"> <\/a> | Edition N\u00b0:5881 Le 10\/11\/2020 | Partager <\/div>\n<div class=\"body\">\n<div class=\"field field-name-body field-type-text-with-summary field-label-hidden\">\n<div class=\"field-items\" readability=\"10.5\">\n<div class=\"field-item even\" property=\"content:encoded\" readability=\"16\">\n<p class=\"rtejustify\">Le sp\u00e9cialiste du recrutement et staffing de profils IT, Novancy One, organise les 25 et 26 novembre 2020 la premi\u00e8re \u00e9dition du Forum annuel de recrutement virtuel \u00ab2020 Go\u00bb. L\u2019\u00e9v\u00e8nement, qui rassemble des experts RH, entreprises partenaires et \u00e9coles dispensant des formations en SI et transformation digitale, a pour objectif d\u2019acc\u00e9l\u00e9rer l\u2019insertion professionnelle des jeunes. Il pr\u00e9voit 22 ateliers m\u00e9tiers et RH, deux conf\u00e9rences-d\u00e9bats et plus de 60 entretiens virtuels de recrutement en mode speed-hiring avec de jeunes dipl\u00f4m\u00e9s.<br \/><em>A.Na<\/em><\/p>\n<\/div>\n<\/div>\n<\/div>\n<\/div>\n<div class=\"eco-conseil\">\n<div class=\"view view-eco-conseil-16 view-id-eco_conseil_16 view-display-id-cookies view-dom-id-1948273b009d3ddc716e5efc478c25cc\">\n<div class=\"view-content\">\n<div id=\"views-bootstrap-grid-1\" class=\"views-bootstrap-grid-plugin-style\">\n<div class=\"row\">\n<div class=\" col-xs-12 col-lg-4\">\n<div class=\"row\">\n<div class=\"col col-xs-12 col-lg-12\">\n<div class=\"field-content\"><a href=\"\/article\/1069460-afd-soutient-la-formation-aux-metiers-des-musees-et-du-patrimoine\"><img loading=\"lazy\" decoding=\"async\" class=\"img-responsive\" typeof=\"foaf:Image\" src=\"https:\/\/www.leconomiste.com\/sites\/default\/files\/eco7\/public\/styles\/800x400\/public\/default_images\/default_une.jpg?itok=4jZlgnIZ\" width=\"660\" height=\"330\" alt=\"\"\/><\/a><\/div>\n<\/div>\n<div class=\" title_suite_2 col col-xs-12 col-lg-12\"> <a href=\"\/article\/1069460-afd-soutient-la-formation-aux-metiers-des-musees-et-du-patrimoine\"\/><span class=\"field-content\">AFD soutient la formation aux m\u00e9tiers des mus\u00e9es et du patrimoine <\/span><\/div>\n<\/div>\n<\/div>\n<div class=\" col-xs-12 col-lg-4\">\n<div class=\"row\">\n<div class=\"col col-xs-12 col-lg-12\">\n<div class=\"field-content\"><a href=\"\/article\/1069459-finance-climat-encore-des-efforts-faire\"><img loading=\"lazy\" decoding=\"async\" class=\"img-responsive\" typeof=\"foaf:Image\" src=\"https:\/\/www.leconomiste.com\/sites\/default\/files\/eco7\/public\/styles\/800x400\/public\/default_images\/default_une.jpg?itok=4jZlgnIZ\" width=\"660\" height=\"330\" alt=\"\"\/><\/a><\/div>\n<\/div>\n<div class=\" title_suite_2 col col-xs-12 col-lg-12\"> <a href=\"\/article\/1069459-finance-climat-encore-des-efforts-faire\"\/><span class=\"field-content\">Finance climat: Encore des efforts \u00e0 faire <\/span><\/div>\n<\/div>\n<\/div>\n<div class=\" col-xs-12 col-lg-4\">\n<div class=\"row\">\n<div class=\"col col-xs-12 col-lg-12\">\n<div class=\"field-content\"><a href=\"\/article\/1069458-maroc-france-le-pacte-economique-pour-2021\"><img loading=\"lazy\" decoding=\"async\" class=\"img-responsive\" typeof=\"foaf:Image\" src=\"https:\/\/www.leconomiste.com\/sites\/default\/files\/eco7\/public\/styles\/800x400\/public\/default_images\/default_une.jpg?itok=4jZlgnIZ\" width=\"660\" height=\"330\" alt=\"\"\/><\/a><\/div>\n<\/div>\n<div class=\" title_suite_2 col col-xs-12 col-lg-12\"> <a href=\"\/article\/1069458-maroc-france-le-pacte-economique-pour-2021\"\/><span class=\"field-content\">Maroc-France: Le pacte \u00e9conomique pour 2021<\/span><\/div>\n<\/div>\n<\/div>\n<\/div>\n<\/div>\n<\/div>\n<\/div>\n<\/div>\n<p>Auteur: hlafriqi<br \/>\n<a href=\"https:\/\/www.leconomiste.com\/article\/1069461-emploi-un-forum-virtuel-pour-les-jeunes\">Cliquez ici pour lire l&rsquo;article depuis sa source.<\/a><\/p>\n","protected":false},"excerpt":{"rendered":"<p>Par Ahlam NAZIH | Edition N\u00b0:5881 Le 10\/11\/2020 | Partager Le sp\u00e9cialiste du recrutement et staffing de profils IT, Novancy One, organise les 25 et 26 novembre 2020 la premi\u00e8re \u00e9dition du Forum annuel de recrutement virtuel \u00ab2020 Go\u00bb. L\u2019\u00e9v\u00e8nement, qui rassemble des experts RH, entreprises partenaires et \u00e9coles dispensant des formations en SI et [&hellip;]<\/p>\n","protected":false},"author":1763,"featured_media":0,"comment_status":"closed","ping_status":"closed","sticky":false,"template":"","format":"standard","meta":{"fifu_image_url":"","fifu_image_alt":"","footnotes":""},"categories":[78,54],"tags":[],"class_list":["post-104386","post","type-post","status-publish","format-standard","hentry","category-economie","category-maroc"],"_links":{"self":[{"href":"https:\/\/linitiative.ca\/International\/wp-json\/wp\/v2\/posts\/104386","targetHints":{"allow":["GET"]}}],"collection":[{"href":"https:\/\/linitiative.ca\/International\/wp-json\/wp\/v2\/posts"}],"about":[{"href":"https:\/\/linitiative.ca\/International\/wp-json\/wp\/v2\/types\/post"}],"author":[{"embeddable":true,"href":"https:\/\/linitiative.ca\/International\/wp-json\/wp\/v2\/users\/1763"}],"replies":[{"embeddable":true,"href":"https:\/\/linitiative.ca\/International\/wp-json\/wp\/v2\/comments?post=104386"}],"version-history":[{"count":0,"href":"https:\/\/linitiative.ca\/International\/wp-json\/wp\/v2\/posts\/104386\/revisions"}],"wp:attachment":[{"href":"https:\/\/linitiative.ca\/International\/wp-json\/wp\/v2\/media?parent=104386"}],"wp:term":[{"taxonomy":"category","embeddable":true,"href":"https:\/\/linitiative.ca\/International\/wp-json\/wp\/v2\/categories?post=104386"},{"taxonomy":"post_tag","embeddable":true,"href":"https:\/\/linitiative.ca\/International\/wp-json\/wp\/v2\/tags?post=104386"}],"curies":[{"name":"wp","href":"https:\/\/api.w.org\/{rel}","templated":true}]}}