{"id":104389,"date":"2020-11-11T11:00:00","date_gmt":"2020-11-11T16:00:00","guid":{"rendered":"https:\/\/linitiative.ca\/International\/le-haut-dirigeant-saeb-erakat-est-decede-infecte-par-le-virus\/"},"modified":"2020-11-11T11:00:00","modified_gmt":"2020-11-11T16:00:00","slug":"le-haut-dirigeant-saeb-erakat-est-decede-infecte-par-le-virus","status":"publish","type":"post","link":"https:\/\/linitiative.ca\/International\/le-haut-dirigeant-saeb-erakat-est-decede-infecte-par-le-virus\/","title":{"rendered":"Le haut dirigeant Sa\u00ebb Erakat est d\u00e9c\u00e9d\u00e9 infect\u00e9 par le virus"},"content":{"rendered":"<p class=\"p1 c3\"><span class=\"c2\">Le secr\u00e9taire g\u00e9n\u00e9ral de l\u2019Organisation de lib\u00e9ration de la Palestine (OLP et l\u2019une des figures palestiniennes les plus connues \u00e0 travers le monde, Sa\u00ebb Erakat, est d\u00e9c\u00e9d\u00e9 hier apr\u00e8s avoir contract\u00e9 le nouveau coronavirus \u00e0 l\u2019\u00e2ge de 65 ans, a indiqu\u00e9 la pr\u00e9sidence palestinienne.<\/span><\/p>\n<p class=\"p1 c3\"><span class=\"c2\">Atteint de fibrose pulmonaire et greff\u00e9 du poumon, \u00ab\u00a0Sa\u00ebb Erakatest d\u00e9c\u00e9d\u00e9 il y a peu de temps \u00e0 l\u203ah\u00f4pital Hadassah\u00bb d\u2019Al Qods, o\u00f9 il avait \u00e9t\u00e9 admis le 18 octobre, a d\u00e9clar\u00e9 cette source.<\/span><\/p>\n<p class=\"p1 c3\"><span class=\"c2\">L\u2019\u00e9tablissement, qui l\u2019avait admis \u00e0 la demande de responsables de l\u2019Autorit\u00e9 palestinienne, avait alors qualifi\u00e9 de \u00abd\u00e9fi\u00bb le fait de soigner M. Erakat en raison de ses probl\u00e8mes pulmonaires.<\/span><\/p>\n<p class=\"p1 c3\"><span class=\"c2\">\u00abIl est arriv\u00e9 dans un \u00e9tat grave, n\u00e9cessitant une assistance et de fortes doses d\u2019oxyg\u00e8ne\u00bb, avait indiqu\u00e9 l\u2019\u00e9tablissement \u00e0 son arriv\u00e9e.<\/span><\/p>\n<p class=\"p1 c3\"><span class=\"c2\">M. Erakat, l\u2019une des personnalit\u00e9s palestiniennes les plus connues \u00e0 l\u2019\u00e9tranger, habitait la ville de Ariha en Cisjordanie, territoire occup\u00e9 par Isra\u00ebl o\u00f9 vivent quelque 2,8 millions de Palestiniens. Ce proche du pr\u00e9sident de l\u2019Autorit\u00e9 palestinienne, Mahmoud Abbas, avait particip\u00e9, en tant que n\u00e9gociateur en chef c\u00f4t\u00e9 palestinien, aux pourparlers de paix avec Isra\u00ebl, qui sont dans l\u2019impasse depuis des ann\u00e9es.<\/span><\/p>\n<p class=\"p1 c3\"><span class=\"c2\">Il avait critiqu\u00e9 la r\u00e9cente normalisation des relations entre Isra\u00ebl et des pays arabes comme les Emirats arabes unis et Bahre\u00efn, d\u00e9cid\u00e9e sans paix pr\u00e9alable entre les Palestiniens et l\u2019Etat isra\u00e9lien.<\/span><\/p>\n<p class=\"p1 c3\"><span class=\"c2\">Dans une vid\u00e9o-rencontre en ao\u00fbt dernier avec des journalistes, il avait fustig\u00e9 cette normalisation qui, disait-il, \u00abmine la possibilit\u00e9 de la paix\u00bb isra\u00e9lo-palestinienne, et \u00abrenforce les extr\u00e9mistes\u00bb chez les Isra\u00e9liens et les Palestiniens, les premiers pensant ne plus avoir besoin \u00e0 n\u00e9gocier avec les Palestiniens et les seconds ne plus avoir \u00e0 attendre quoique ce soit d\u2019Isra\u00ebl, affirmait-il.\u00a0<\/span><\/p>\n<p class=\"p1 c3\"><span class=\"c2\">En Cisjordanie occup\u00e9e, plus de 50.000 cas de contamination au coronavirus &#8212; dont plus de 480 d\u00e9c\u00e8s &#8212; ont \u00e9t\u00e9 recens\u00e9s. Dans la bande de Gaza, autre territoire palestinien contr\u00f4l\u00e9 par le mouvement islamiste Hamas et sous blocus isra\u00e9lien, environ 8.740 cas ont \u00e9t\u00e9 enregistr\u00e9s officiellement, dont pr\u00e8s de 40 d\u00e9c\u00e8s, sur environ deux millions de Palestiniens.<\/span><\/p>\n<p>Auteur: letemps1<br \/>\n<a href=\"http:\/\/www.letemps.com.tn\/article\/118033\/le-haut-dirigeant-sa%C3%ABb-erakat-est-d%C3%A9c%C3%A9d%C3%A9-infect%C3%A9-par-le-virus\">Cliquez ici pour lire l&rsquo;article depuis sa source.<\/a><\/p>\n","protected":false},"excerpt":{"rendered":"<p>Le secr\u00e9taire g\u00e9n\u00e9ral de l\u2019Organisation de lib\u00e9ration de la Palestine (OLP et l\u2019une des figures palestiniennes les plus connues \u00e0 travers le monde, Sa\u00ebb Erakat, est d\u00e9c\u00e9d\u00e9 hier apr\u00e8s avoir contract\u00e9 le nouveau coronavirus \u00e0 l\u2019\u00e2ge de 65 ans, a indiqu\u00e9 la pr\u00e9sidence palestinienne. Atteint de fibrose pulmonaire et greff\u00e9 du poumon, \u00ab\u00a0Sa\u00ebb Erakatest d\u00e9c\u00e9d\u00e9 [&hellip;]<\/p>\n","protected":false},"author":1773,"featured_media":0,"comment_status":"closed","ping_status":"closed","sticky":false,"template":"","format":"standard","meta":{"fifu_image_url":"","fifu_image_alt":"","footnotes":""},"categories":[73,55],"tags":[],"class_list":["post-104389","post","type-post","status-publish","format-standard","hentry","category-actualite","category-tunisie"],"_links":{"self":[{"href":"https:\/\/linitiative.ca\/International\/wp-json\/wp\/v2\/posts\/104389","targetHints":{"allow":["GET"]}}],"collection":[{"href":"https:\/\/linitiative.ca\/International\/wp-json\/wp\/v2\/posts"}],"about":[{"href":"https:\/\/linitiative.ca\/International\/wp-json\/wp\/v2\/types\/post"}],"author":[{"embeddable":true,"href":"https:\/\/linitiative.ca\/International\/wp-json\/wp\/v2\/users\/1773"}],"replies":[{"embeddable":true,"href":"https:\/\/linitiative.ca\/International\/wp-json\/wp\/v2\/comments?post=104389"}],"version-history":[{"count":0,"href":"https:\/\/linitiative.ca\/International\/wp-json\/wp\/v2\/posts\/104389\/revisions"}],"wp:attachment":[{"href":"https:\/\/linitiative.ca\/International\/wp-json\/wp\/v2\/media?parent=104389"}],"wp:term":[{"taxonomy":"category","embeddable":true,"href":"https:\/\/linitiative.ca\/International\/wp-json\/wp\/v2\/categories?post=104389"},{"taxonomy":"post_tag","embeddable":true,"href":"https:\/\/linitiative.ca\/International\/wp-json\/wp\/v2\/tags?post=104389"}],"curies":[{"name":"wp","href":"https:\/\/api.w.org\/{rel}","templated":true}]}}