{"id":104390,"date":"2020-11-11T11:00:00","date_gmt":"2020-11-11T16:00:00","guid":{"rendered":"https:\/\/linitiative.ca\/International\/mobilisation-tout-azimut\/"},"modified":"2020-11-11T11:00:00","modified_gmt":"2020-11-11T16:00:00","slug":"mobilisation-tout-azimut","status":"publish","type":"post","link":"https:\/\/linitiative.ca\/International\/mobilisation-tout-azimut\/","title":{"rendered":"Mobilisation tout azimut\u00a0!"},"content":{"rendered":"<p class=\"p1 c3\"><span class=\"c2\">Les joueurs de l\u2019\u00e9quipe nationale<span class=\"Apple-converted-space\">\u00a0<\/span> poursuivent leur pr\u00e9paration pour les deux prochains rendez-vous<span class=\"Apple-converted-space\">\u00a0<\/span> contre la Tanzanie, matches entrant dans le cadre de la qualification pour la prochaine CAN du Cameroun. Une pr\u00e9paration qui s\u2019est poursuivie, dans un premier temps, en pr\u00e9sence d\u2019un nombre r\u00e9duit de joueurs dans la mesure o\u00f9, seulement, onze parmi ceux convoqu\u00e9s ont fait acte de pr\u00e9sence dimanche dernier au stade olympique d\u2019El Menzah pour une premi\u00e8re prise en main de l\u2019effectif.<\/span><\/p>\n<p class=\"p2 c4\"><span class=\"c2\"><strong>Tests sanitaires rassurants<\/strong><\/span><\/p>\n<p class=\"p1 c3\"><span class=\"c2\"><span class=\"Apple-converted-space\">\u00a0 \u00a0<\/span> Une premi\u00e8re s\u00e9ance tout le long de laquelle Mondher Kba\u00efer, rassur\u00e9 dans un premier temps par les r\u00e9sultats des tests sanitaires effectu\u00e9s par les joueurs, a mis l\u2019accent sur le volet tactique en d\u00e9pit du nombre restreint d\u2019un effectif compos\u00e9 de seulement une dizaine de joueurs, onze exactement\u00a0: les deux gardiens Dahman et Damergi accompagn\u00e9s de Ben Aziza qui a suppl\u00e9\u00e9 Hnid bless\u00e9, Kechrida, M\u00e9riah, F. Sassi, Talbi, A. Maaloul, Jelassi, Ben Amor, F. Sassi et Y. Msakni.<span class=\"Apple-converted-space\">\u00a0 \u00a0 \u00a0<\/span><\/span><\/p>\n<p class=\"p1 c3\"><span class=\"c2\">Un groupe de joueurs auquel sont venus s\u2019ajouter, en d\u00e9but de soir\u00e9e, d\u2019autres\u00a0: Bguir, Khaoui, Ben Mohamed et Haddadi dans l\u2019attente d\u2019autres arriv\u00e9es.<span class=\"Apple-converted-space\">\u00a0<\/span><\/span><\/p>\n<p class=\"p1 c3\"><span class=\"c2\">Un groupe de joueurs visiblement d\u00e9termin\u00e9s, non seulement \u00e0 passer ce tour de qualification mais tenus \u00e0 rassurer leur proche entourage en pr\u00e9vision de la double confrontation devant une \u00e9quipe de la Tanzanie qui ne cache pas ses pr\u00e9tentions.<span class=\"Apple-converted-space\">\u00a0<\/span><\/span><\/p>\n<p class=\"p3 c5\"><span class=\"c2\"><strong>R.B.A<\/strong><\/span><\/p>\n<p>Auteur: letemps1<br \/>\n<a href=\"http:\/\/www.letemps.com.tn\/article\/118034\/mobilisation-tout-azimut%C2%A0\">Cliquez ici pour lire l&rsquo;article depuis sa source.<\/a><\/p>\n","protected":false},"excerpt":{"rendered":"<p>Les joueurs de l\u2019\u00e9quipe nationale\u00a0 poursuivent leur pr\u00e9paration pour les deux prochains rendez-vous\u00a0 contre la Tanzanie, matches entrant dans le cadre de la qualification pour la prochaine CAN du Cameroun. Une pr\u00e9paration qui s\u2019est poursuivie, dans un premier temps, en pr\u00e9sence d\u2019un nombre r\u00e9duit de joueurs dans la mesure o\u00f9, seulement, onze parmi ceux convoqu\u00e9s [&hellip;]<\/p>\n","protected":false},"author":1773,"featured_media":0,"comment_status":"closed","ping_status":"closed","sticky":false,"template":"","format":"standard","meta":{"fifu_image_url":"","fifu_image_alt":"","footnotes":""},"categories":[73,55],"tags":[],"class_list":["post-104390","post","type-post","status-publish","format-standard","hentry","category-actualite","category-tunisie"],"_links":{"self":[{"href":"https:\/\/linitiative.ca\/International\/wp-json\/wp\/v2\/posts\/104390","targetHints":{"allow":["GET"]}}],"collection":[{"href":"https:\/\/linitiative.ca\/International\/wp-json\/wp\/v2\/posts"}],"about":[{"href":"https:\/\/linitiative.ca\/International\/wp-json\/wp\/v2\/types\/post"}],"author":[{"embeddable":true,"href":"https:\/\/linitiative.ca\/International\/wp-json\/wp\/v2\/users\/1773"}],"replies":[{"embeddable":true,"href":"https:\/\/linitiative.ca\/International\/wp-json\/wp\/v2\/comments?post=104390"}],"version-history":[{"count":0,"href":"https:\/\/linitiative.ca\/International\/wp-json\/wp\/v2\/posts\/104390\/revisions"}],"wp:attachment":[{"href":"https:\/\/linitiative.ca\/International\/wp-json\/wp\/v2\/media?parent=104390"}],"wp:term":[{"taxonomy":"category","embeddable":true,"href":"https:\/\/linitiative.ca\/International\/wp-json\/wp\/v2\/categories?post=104390"},{"taxonomy":"post_tag","embeddable":true,"href":"https:\/\/linitiative.ca\/International\/wp-json\/wp\/v2\/tags?post=104390"}],"curies":[{"name":"wp","href":"https:\/\/api.w.org\/{rel}","templated":true}]}}