{"id":104391,"date":"2020-11-11T11:00:00","date_gmt":"2020-11-11T16:00:00","guid":{"rendered":"https:\/\/linitiative.ca\/International\/le-pivot-ivoirien-roger-borris-nouvelle-recrue\/"},"modified":"2020-11-11T11:00:00","modified_gmt":"2020-11-11T16:00:00","slug":"le-pivot-ivoirien-roger-borris-nouvelle-recrue","status":"publish","type":"post","link":"https:\/\/linitiative.ca\/International\/le-pivot-ivoirien-roger-borris-nouvelle-recrue\/","title":{"rendered":"Le pivot ivoirien Roger Borris, nouvelle recrue"},"content":{"rendered":"<p class=\"p1 c4\"><span class=\"c3\"><span class=\"c2\">Finalement, le r\u00eave des Monastiriens de voir leur \u00e9quipe participer \u00e0 une comp\u00e9tition africaine se r\u00e9alise. Lundi, l\u2019USM a connu son premier adversaire au tour pr\u00e9liminaire de la coupe de la CAF.<span class=\"Apple-converted-space\">\u00a0<\/span><\/span><\/span><\/p>\n<p class=\"p1 c4\"><span class=\"c3\"><span class=\"c2\">Ce tirage au sort effectu\u00e9 dans les locaux de la CAF au Caire a donn\u00e9 le champion d\u2019Ethiopie, Fazil<span class=\"Apple-converted-space\">\u00a0<\/span> Kamena qui se rendra \u00e0 Monastir au match aller le 28 novembre et recevra le repr\u00e9sentant tunisien le 5 d\u00e9cembre. En cas de qualification, logiquement assur\u00e9e, l\u2019USM rencontrera Ahly Tripoli entra\u00een\u00e9 par JallelKadri et qui vient de renforcer ses rangs par Ibrahima Wattara venant de l\u2019EST sous forme de pr\u00eat.<span class=\"Apple-converted-space\">\u00a0<\/span><\/span><\/span><\/p>\n<p class=\"p2 c5\">\u00a0<\/p>\n<p class=\"p3 c6\"><span class=\"c3\"><span class=\"c2\"><strong>Nouveau venu<\/strong><\/span><\/span><\/p>\n<p class=\"p1 c4\"><span class=\"c3\"><span class=\"c2\">La direction de club monastirien est parvenue \u00e0 engager un nouveau joueur ivoirien. Roger Borris, le soci\u00e9taire de l\u2019\u00e9quipe de Saint Pedro qui avait c\u00e9d\u00e9 dans un pass\u00e9 r\u00e9cent Foussiny Coulibaly et Okbado \u00e0 l\u2019USM.<span class=\"Apple-converted-space\">\u00a0<\/span><\/span><\/span><\/p>\n<p class=\"p1 c4\"><span class=\"c3\"><span class=\"c2\">L\u2019Ivoirien \u00e9volue en demi d\u00e9fensif et devrait \u00eatre pr\u00e9sent \u00e0 Monastir dans les prochains jours pour passer la visite m\u00e9dicale d\u2019usage et signer son contrat.<span class=\"Apple-converted-space\">\u00a0<\/span><\/span><\/span><\/p>\n<p class=\"p1 c4\"><span class=\"c3\"><span class=\"c2\">La d\u00e9faite conc\u00e9d\u00e9e samedi face \u00e0 l\u2019AS Soliman a \u00e9t\u00e9 accueillie avec beaucoup de r\u00e9serves par les supporters, mais a servi au staff technique de se faire une id\u00e9e pr\u00e9cise sur la forme de ses joueurs et leur degr\u00e9 d\u2019assimilation des sch\u00e9mas tactiques pr\u00e9conis\u00e9es par Lassa\u00e2d Chebbi pour la nouvelle saison.<span class=\"Apple-converted-space\">\u00a0<\/span><\/span><\/span><\/p>\n<p class=\"p3 c6\"><span class=\"c3\"><span class=\"c2\"><strong>Renfort<span class=\"Apple-converted-space\">\u00a0<\/span><\/strong><\/span><\/span><\/p>\n<p class=\"p1 c4\"><span class=\"c3\"><span class=\"c2\">A la demande de l\u2019entra\u00eeneur de l\u2019\u00e9quipe, les responsables monastiriens viennent d\u2019engager un sp\u00e9cialiste des statistiques sportives qui est en m\u00eame temps connaisseur en mati\u00e8re football Sa t\u00e2che va consister \u00e0 d\u00e9cortiquer les rencontres, \u00e9tablir des statistiques g\u00e9n\u00e9rales et individuelles pour chaque joueurs et d\u2019\u00e9tudier le jeu et la mani\u00e8re d\u2019\u00e9voluer des adversaires avant de rencontrer l\u2019USM, afin de permettre au staff technique de tirer les conclusions et se faire une id\u00e9e tr\u00e8s pr\u00e9cise sur les performances de chaque joueur.<\/span><\/span><\/p>\n<p class=\"p1 c4\"><span class=\"c3\"><span class=\"c2\">Une premi\u00e8re \u00e0 l\u2019USM, mais Chebbi en v\u00e9ritable professionnelle, veut instaurer de nouvelles habitudes dans l\u2019\u00e9quipe.<span class=\"Apple-converted-space\">\u00a0<\/span><\/span><\/span><\/p>\n<p class=\"p4 c7\">\u00a0<\/p>\n<p class=\"p3 c6\"><span class=\"c3\"><span class=\"c2\"><strong>Mercato<\/strong><\/span><\/span><\/p>\n<p class=\"p1 c4\"><span class=\"c3\"><span class=\"c2\">Dans une r\u00e9cente d\u00e9claration, l\u00e0 la TV du site du club, le pr\u00e9sident de l\u2019USM, Ahmed Belli a affirm\u00e9 que le march\u00e9 des transferts n\u2019est pas encore ferm\u00e9 et que des renforts sont encore n\u00e9cessaires dans certains postes. Il a promis de pr\u00e9senter toutes les nouvelles recrues avant le coup d\u2019envoi de la nouvelle saison.<\/span><\/span><\/p>\n<p class=\"p1 c4\"><span class=\"c3\"><span class=\"c2\">C\u2019est dire que l\u2019USM ne va pas se contenter des 6 nouveaux joueurs d\u00e9j\u00e0 engag\u00e9s et veut renforcer son effectif en pr\u00e9vision des prochaines \u00e9ch\u00e9ances qui l\u2019attendent sur le double plan national et continental.<\/span><\/span><\/p>\n<p class=\"p5 c8\"><span class=\"c3\"><span class=\"c2\"><strong>Hichem<\/strong><\/span><\/span><\/p>\n<p>Auteur: letemps1<br \/>\n<a href=\"http:\/\/www.letemps.com.tn\/article\/118035\/le-pivot-ivoirien-roger-borris-nouvelle-recrue\">Cliquez ici pour lire l&rsquo;article depuis sa source.<\/a><\/p>\n","protected":false},"excerpt":{"rendered":"<p>Finalement, le r\u00eave des Monastiriens de voir leur \u00e9quipe participer \u00e0 une comp\u00e9tition africaine se r\u00e9alise. Lundi, l\u2019USM a connu son premier adversaire au tour pr\u00e9liminaire de la coupe de la CAF.\u00a0 Ce tirage au sort effectu\u00e9 dans les locaux de la CAF au Caire a donn\u00e9 le champion d\u2019Ethiopie, Fazil\u00a0 Kamena qui se rendra [&hellip;]<\/p>\n","protected":false},"author":1773,"featured_media":0,"comment_status":"closed","ping_status":"closed","sticky":false,"template":"","format":"standard","meta":{"fifu_image_url":"","fifu_image_alt":"","footnotes":""},"categories":[73,55],"tags":[],"class_list":["post-104391","post","type-post","status-publish","format-standard","hentry","category-actualite","category-tunisie"],"_links":{"self":[{"href":"https:\/\/linitiative.ca\/International\/wp-json\/wp\/v2\/posts\/104391","targetHints":{"allow":["GET"]}}],"collection":[{"href":"https:\/\/linitiative.ca\/International\/wp-json\/wp\/v2\/posts"}],"about":[{"href":"https:\/\/linitiative.ca\/International\/wp-json\/wp\/v2\/types\/post"}],"author":[{"embeddable":true,"href":"https:\/\/linitiative.ca\/International\/wp-json\/wp\/v2\/users\/1773"}],"replies":[{"embeddable":true,"href":"https:\/\/linitiative.ca\/International\/wp-json\/wp\/v2\/comments?post=104391"}],"version-history":[{"count":0,"href":"https:\/\/linitiative.ca\/International\/wp-json\/wp\/v2\/posts\/104391\/revisions"}],"wp:attachment":[{"href":"https:\/\/linitiative.ca\/International\/wp-json\/wp\/v2\/media?parent=104391"}],"wp:term":[{"taxonomy":"category","embeddable":true,"href":"https:\/\/linitiative.ca\/International\/wp-json\/wp\/v2\/categories?post=104391"},{"taxonomy":"post_tag","embeddable":true,"href":"https:\/\/linitiative.ca\/International\/wp-json\/wp\/v2\/tags?post=104391"}],"curies":[{"name":"wp","href":"https:\/\/api.w.org\/{rel}","templated":true}]}}