{"id":104392,"date":"2020-11-11T11:00:00","date_gmt":"2020-11-11T16:00:00","guid":{"rendered":"https:\/\/linitiative.ca\/International\/djamel-belmadi-jure-fidelite-a-lalgerie\/"},"modified":"2020-11-11T11:00:00","modified_gmt":"2020-11-11T16:00:00","slug":"djamel-belmadi-jure-fidelite-a-lalgerie","status":"publish","type":"post","link":"https:\/\/linitiative.ca\/International\/djamel-belmadi-jure-fidelite-a-lalgerie\/","title":{"rendered":"Djamel Belmadi jure fid\u00e9lit\u00e9 \u00e0 l\u2019Alg\u00e9rie\u00a0!"},"content":{"rendered":"<p class=\"p1 c3\"><span class=\"c2\">Djamel Belmadi a promis qu\u2019il ne quittera pas les Verts avant la Coupe du Monde au Qatar.<\/span><\/p>\n<p class=\"p1 c3\"><span class=\"c2\">Djamel Belmadi est l\u2019homme qui a redonn\u00e9 des couleurs \u00e0 la s\u00e9lection alg\u00e9rienne. Avec lui, les Verts sont all\u00e9s chercher l\u2019ann\u00e9e derni\u00e8re leur premier titre depuis 1990. Un sacre sur lequel Mahrez et ses co\u00e9quipiers ont su capitaliser et aujourd\u2019hui ils sont en position d\u2019\u00e9tablir la meilleure s\u00e9rie d\u2019invincibilit\u00e9 en Afrique. Il ne leur reste que quatre matches pour r\u00e9ussir ce pari.<\/span><\/p>\n<p class=\"p1 c3\"><span class=\"c2\">Logiquement, Belmadi est d\u00e9sormais consid\u00e9r\u00e9 comme un h\u00e9ros dans son pays. Et nul doute que son d\u00e9part dans le futur sera tr\u00e8s regrett\u00e9. Mais, et que les fans de cette s\u00e9lection se rassurent, il n\u2019envisage pas d\u2019abandonner ce poste de sit\u00f4t. \u00abQuand j\u2019\u00e9tais joueur, j\u2019ai essay\u00e9 d\u2019avoir un plan de carri\u00e8re, qui a \u00e9t\u00e9 plus ou moins respect\u00e9. J\u2019ai donn\u00e9 le meilleur de moi-m\u00eame en \u00e9tant ambitieux. Mais pour cette carri\u00e8re de coach, il faut vraiment avoir beaucoup d\u2019humilit\u00e9. Car ce m\u00e9tier est tellement al\u00e9atoire, et d\u00e9pend de beaucoup de choses. Notamment des joueurs. Ce sont eux les acteurs principaux. Je n\u2019ai donc pas de plan de carri\u00e8re. Je suis avec l\u2019Alg\u00e9rie, et \u00e0 2000%. Le Mondial, n\u2019est pas un objectif moindre. Je ne peux pas penser \u00e0 faire quelque chose d\u2019autre. Aujourd\u2019hui c\u2019est l\u2019Alg\u00e9rie et rien que l\u2019Alg\u00e9rie\u00bb,\u00a0a-t-il tonn\u00e9 sur Bein Sports.<\/span><\/p>\n<p class=\"p1 c3\"><span class=\"c2\">Les clubs d\u00e9sireux de le recruter devraient donc encore patienter. Belmadi avoue d\u2019ailleurs \u00eatre tr\u00e8s attach\u00e9 \u00e0 deux d\u2019entre eux :\u00a0\u00abLe PSG, c\u2019est mon club formateur. On a toujours quelque chose de sp\u00e9cial avec son club formateur. Y a un feeling \u00e0 part. Mais moi, c\u2019est un peu particulier, car j\u2019ai \u00e9t\u00e9 r\u00e9v\u00e9l\u00e9 \u00e0 l\u2019OM. Ces deux clubs-l\u00e0, je les aime. Mais je ne me fixe pas d\u2019ambition de les rejoindre \u00bb.<\/span><\/p>\n<p class=\"p2 c4\">\u00a0<\/p>\n<p class=\"p3 c5\"><span class=\"c2\"><strong>\u00abSi on a le bonheur d\u2019\u00eatre au Mondial, on ne jouera pas petits bras\u00bb<\/strong><\/span><\/p>\n<p class=\"p1 c3\"><span class=\"c2\">Enfin, le coach des champions d\u2019Afrique a \u00e9voqu\u00e9 l\u2019\u00e9ch\u00e9ance du Mondial, et que l\u2019objectif que lui et ses hommes pourraient viser.\u00a0\u00abL\u2019objectif, c\u2019est d\u00e9j\u00e0 d\u2019y \u00eatre,a-t-il commenc\u00e9 par souligner. Avec notre titre de la CAN, on a donn\u00e9 beaucoup d\u2019espoirs aux compatriotes. Ils nous voient l\u00e0-bas et on se voit l\u00e0-bas. On sait que c\u2019est compliqu\u00e9 et que ce n\u2019est pas une chose ais\u00e9e. Y aura 5 \u00e9quipes africaines qui y seront seulement. Ensuite, si on a le bonheur d\u2019y \u00eatre, et qu\u2019on aura m\u00e9rit\u00e9 la phase finale, il faudra se pr\u00e9parer au mieux pour aller le plus loin possible. Dire qu\u2019on peut atteindre les quarts ou les demies, \u00e7a serait manquer d\u2019humilit\u00e9. Mais on n\u2019ira pas jouer petits bras, en se contentant d\u2019une participation. On fera le maximum. \u00bb<\/span><\/p>\n<p>Auteur: letemps1<br \/>\n<a href=\"http:\/\/www.letemps.com.tn\/article\/118036\/djamel-belmadi-jure-fid%C3%A9lit%C3%A9-%C3%A0-l%E2%80%99alg%C3%A9rie%C2%A0\">Cliquez ici pour lire l&rsquo;article depuis sa source.<\/a><\/p>\n","protected":false},"excerpt":{"rendered":"<p>Djamel Belmadi a promis qu\u2019il ne quittera pas les Verts avant la Coupe du Monde au Qatar. Djamel Belmadi est l\u2019homme qui a redonn\u00e9 des couleurs \u00e0 la s\u00e9lection alg\u00e9rienne. Avec lui, les Verts sont all\u00e9s chercher l\u2019ann\u00e9e derni\u00e8re leur premier titre depuis 1990. Un sacre sur lequel Mahrez et ses co\u00e9quipiers ont su capitaliser [&hellip;]<\/p>\n","protected":false},"author":1773,"featured_media":0,"comment_status":"closed","ping_status":"closed","sticky":false,"template":"","format":"standard","meta":{"fifu_image_url":"","fifu_image_alt":"","footnotes":""},"categories":[73,55],"tags":[],"class_list":["post-104392","post","type-post","status-publish","format-standard","hentry","category-actualite","category-tunisie"],"_links":{"self":[{"href":"https:\/\/linitiative.ca\/International\/wp-json\/wp\/v2\/posts\/104392","targetHints":{"allow":["GET"]}}],"collection":[{"href":"https:\/\/linitiative.ca\/International\/wp-json\/wp\/v2\/posts"}],"about":[{"href":"https:\/\/linitiative.ca\/International\/wp-json\/wp\/v2\/types\/post"}],"author":[{"embeddable":true,"href":"https:\/\/linitiative.ca\/International\/wp-json\/wp\/v2\/users\/1773"}],"replies":[{"embeddable":true,"href":"https:\/\/linitiative.ca\/International\/wp-json\/wp\/v2\/comments?post=104392"}],"version-history":[{"count":0,"href":"https:\/\/linitiative.ca\/International\/wp-json\/wp\/v2\/posts\/104392\/revisions"}],"wp:attachment":[{"href":"https:\/\/linitiative.ca\/International\/wp-json\/wp\/v2\/media?parent=104392"}],"wp:term":[{"taxonomy":"category","embeddable":true,"href":"https:\/\/linitiative.ca\/International\/wp-json\/wp\/v2\/categories?post=104392"},{"taxonomy":"post_tag","embeddable":true,"href":"https:\/\/linitiative.ca\/International\/wp-json\/wp\/v2\/tags?post=104392"}],"curies":[{"name":"wp","href":"https:\/\/api.w.org\/{rel}","templated":true}]}}