{"id":104400,"date":"2020-11-11T15:13:21","date_gmt":"2020-11-11T20:13:21","guid":{"rendered":"https:\/\/linitiative.ca\/International\/international-real-madrid-carvajal-apporte-un-enorme-soutien-a-zidane\/"},"modified":"2020-11-11T15:13:21","modified_gmt":"2020-11-11T20:13:21","slug":"international-real-madrid-carvajal-apporte-un-enorme-soutien-a-zidane","status":"publish","type":"post","link":"https:\/\/linitiative.ca\/International\/international-real-madrid-carvajal-apporte-un-enorme-soutien-a-zidane\/","title":{"rendered":"International : Real Madrid : Carvajal apporte un \u00e9norme soutien \u00e0 Zidane"},"content":{"rendered":"<div readability=\"32\">\n<p>Auteur : <span class=\"time\">mercredi 11 novembre 2020 15:30<\/span><\/p>\n<\/div>\n<div id=\"post_core\" readability=\"45\">\n<p>Le lat\u00e9ral droit espagnol a pr\u00e9venu que le vestiaire gardait confiance en l&rsquo;entra\u00eeneur fran\u00e7ais, en d\u00e9pit des r\u00e9sultats en demi-teinte et des critiques subies depuis le d\u00e9but de saison. \u00ab\u00a0Toutes les \u00e9quipes traversent des bons et des mauvais moments. De l&rsquo;int\u00e9rieur, personne ne doute de Zidane et de l&rsquo;ext\u00e9rieur cela ne devrait pas \u00eatre le cas. C&rsquo;est un excellent entra\u00eeneur, il trouve de nombreuses solutions et chaque ann\u00e9e, il donne des titres au Real Madrid.\u00a0\u00bb Battu \u00e0 Valence dimanche dernier (4-1, 9e journ\u00e9e de Liga), le club de la capitale occupe la quatri\u00e8me place du classement \u00e0 quatre longueurs de la Real Sociedad. En Ligue des Champions, les Merengue pointent \u00e0 la troisi\u00e8me place du groupe B avec quatre points, \u00e0 \u00e9galit\u00e9 avec le Shakhtar Donetsk et \u00e0 une longueur du Borussia M\u00f6nchengladbach. Source : Topmercato.<\/p>\n<p><strong>Publi\u00e9 dans :<\/strong> <span>Zidane<\/span> <span>Real Madrid : Carvajal<\/span><\/p>\n<\/div>\n<p>Auteur:<br \/>\n<a href=\"http:\/\/www.lebuteur.com\/article\/detail?titre=real-madrid-carvajal-apporte-un-enorme-soutien-a-zidane&#038;id=97924&#038;utm_source=feedburner&#038;utm_medium=feed&#038;utm_campaign=Feed%3A+GalerieFArtciles+%28Les+derniers+articles++-+lebuteur.com%29\">Cliquez ici pour lire l&rsquo;article depuis sa source.<\/a><\/p>\n","protected":false},"excerpt":{"rendered":"<p>Auteur : mercredi 11 novembre 2020 15:30 Le lat\u00e9ral droit espagnol a pr\u00e9venu que le vestiaire gardait confiance en l&rsquo;entra\u00eeneur fran\u00e7ais, en d\u00e9pit des r\u00e9sultats en demi-teinte et des critiques subies depuis le d\u00e9but de saison. \u00ab\u00a0Toutes les \u00e9quipes traversent des bons et des mauvais moments. De l&rsquo;int\u00e9rieur, personne ne doute de Zidane et de [&hellip;]<\/p>\n","protected":false},"author":1738,"featured_media":104401,"comment_status":"closed","ping_status":"closed","sticky":false,"template":"","format":"standard","meta":{"fifu_image_url":"","fifu_image_alt":"","footnotes":""},"categories":[53,75],"tags":[],"class_list":["post-104400","post","type-post","status-publish","format-standard","has-post-thumbnail","hentry","category-algerie","category-sport"],"_links":{"self":[{"href":"https:\/\/linitiative.ca\/International\/wp-json\/wp\/v2\/posts\/104400","targetHints":{"allow":["GET"]}}],"collection":[{"href":"https:\/\/linitiative.ca\/International\/wp-json\/wp\/v2\/posts"}],"about":[{"href":"https:\/\/linitiative.ca\/International\/wp-json\/wp\/v2\/types\/post"}],"author":[{"embeddable":true,"href":"https:\/\/linitiative.ca\/International\/wp-json\/wp\/v2\/users\/1738"}],"replies":[{"embeddable":true,"href":"https:\/\/linitiative.ca\/International\/wp-json\/wp\/v2\/comments?post=104400"}],"version-history":[{"count":0,"href":"https:\/\/linitiative.ca\/International\/wp-json\/wp\/v2\/posts\/104400\/revisions"}],"wp:featuredmedia":[{"embeddable":true,"href":"https:\/\/linitiative.ca\/International\/wp-json\/"}],"wp:attachment":[{"href":"https:\/\/linitiative.ca\/International\/wp-json\/wp\/v2\/media?parent=104400"}],"wp:term":[{"taxonomy":"category","embeddable":true,"href":"https:\/\/linitiative.ca\/International\/wp-json\/wp\/v2\/categories?post=104400"},{"taxonomy":"post_tag","embeddable":true,"href":"https:\/\/linitiative.ca\/International\/wp-json\/wp\/v2\/tags?post=104400"}],"curies":[{"name":"wp","href":"https:\/\/api.w.org\/{rel}","templated":true}]}}