{"id":104404,"date":"2020-11-11T07:59:26","date_gmt":"2020-11-11T12:59:26","guid":{"rendered":"https:\/\/linitiative.ca\/International\/112638-benlamri-nous-prenons-tous-nos-adversaires-au-serieux\/"},"modified":"2020-11-11T07:59:26","modified_gmt":"2020-11-11T12:59:26","slug":"112638-benlamri-nous-prenons-tous-nos-adversaires-au-serieux","status":"publish","type":"post","link":"https:\/\/linitiative.ca\/International\/112638-benlamri-nous-prenons-tous-nos-adversaires-au-serieux\/","title":{"rendered":"Benlamri: \u00ab\u00a0Nous prenons tous nos adversaires au s\u00e9rieux\u00a0\u00bb"},"content":{"rendered":"<div readability=\"41\">\n<p><strong>ALGER &#8211; Le d\u00e9fenseur international alg\u00e9rien de Lyon (France), Djamel Benlamri, a indiqu\u00e9 que la s\u00e9lection nationale prendrait tous ses adversaires au s\u00e9rieux, \u00ab\u00a0sans se soucier du nom de telle ou telle \u00e9quipe\u00a0\u00bb, \u00e0 J-1 de la r\u00e9ception du Zimbabwe, jeudi \u00e0 Alger (20h00) dans le cadre de la 3e journ\u00e9e (Gr. H) des qualifications de la CAN-2021, report\u00e9e \u00e0 2022.<\/strong><\/p>\n<\/div>\n<div readability=\"93.5\">\n<p>\u00ab\u00a0Nous respectons tous nos adversaires, c\u2019est le secret de notre r\u00e9ussite. Nous ne regardons pas le nom des \u00e9quipes qu\u2019on affronte. Jouer face au Mexique, la Colombie ou face au Zimbabwe est la m\u00eame chose pour nous\u00a0\u00bb, a indiqu\u00e9 Benlamri dans un entretien accord\u00e9 au site\u00a0 de la F\u00e9d\u00e9ration alg\u00e9rienne (FAF).<\/p>\n<blockquote readability=\"8\">\n<p><em><strong>Quatre jours apr\u00e8s leur confrontation au 5-Juillet, les deux s\u00e9lections se retrouveront lundi prochain au stade de Harare (16h00 alg\u00e9riennes), dans le cadre de la 4e journ\u00e9e.<\/strong><\/em><\/p>\n<\/blockquote>\n<p>Non retenu pour les deux matchs amicaux disput\u00e9s en octobre dernier, face au Nigeria (1-0) en Autriche et devant le Mexique (2-2) aux Pays-Bas, Benlamri s\u2019est dit \u00ab\u00a0heureux\u00a0\u00bb de revenir chez les \u00ab\u00a0Verts\u00a0\u00bb, lui qui a r\u00e9ussi ses d\u00e9buts sous le maillot de l\u2019OL.<\/p>\n<p>\u00ab\u00a0Je suis toujours heureux de revenir en \u00e9quipe nationale et en Alg\u00e9rie. J\u2019esp\u00e8re qu\u2019on sera au niveau comme d\u2019habitude. Nous sommes en train de bien travailler pour \u00eatre au top et rendre heureux notre peuple\u00a0\u00bb, a-t-il ajout\u00e9.<\/p>\n<p>Le d\u00e9fenseur central du \u00ab\u00a0Club Alg\u00e9rie\u00a0\u00bb est revenu sur son transfert \u00e0 Lyon, affichant d\u2019embl\u00e9e son ambition de s\u2019affirmer au plus haut niveau, apr\u00e8s une premi\u00e8re exp\u00e9rience \u00e0 l\u2019\u00e9tranger en Arabie saoudite.<\/p>\n<p>\u00ab\u00a0Il doit s\u00fbrement y avoir des gens qui ont \u00e9t\u00e9 surpris par mon transfert. Ils se sont dit +Comment j\u2019ai pu partir d\u2019Arabie saoudite \u00e0 l\u2019Olympique lyonnais \u00e0 30 ans+. Quand l&rsquo;information est sortie, les gens n\u2019y croyaient pas trop. Ils ont dit que c\u2019\u00e9tait impossible. Mais avec le travail rien ne l\u2019est, surtout pour quelqu\u2019un d\u2019ambitieux, travailleur et qui croit en ses forces\u00a0\u00bb.<\/p>\n<p>\u00ab\u00a0Si on m\u00e9prise les Alg\u00e9riens, ils travaillent encore plus pour r\u00e9ussir. J\u2019esp\u00e8re qu\u2019il n\u2019y ait plus un autre Benlamri \u00e0 l\u2019avenir. Le m\u00e9pris n\u2019est pas une bonne chose. On esp\u00e8re que les choses vont se r\u00e9gler car nous avons beaucoup de talents ici en Alg\u00e9rie. On esp\u00e8re qu\u2019ils partent \u00e0 21 ans et non pas \u00e0 30\u00a0\u00bb.<\/p>\n<p>Enfin, Benlamri s\u2019est montr\u00e9 d\u00e9\u00e7u par l\u2019absence des supporters jeudi, un huis clos impos\u00e9 par la pand\u00e9mie de coronavirus.<\/p>\n<p>\u00ab\u00a0C\u2019est difficile de joueur devant des gradins vides. Mais on sait qu\u2019ils sont avec nous. C\u2019est une crise mondiale qui ne se r\u00e9sume pas qu\u2019\u00e0 l\u2019Alg\u00e9rie. Nous allons faire le maximum pour leur offrir un beau spectacle \u00e0 la t\u00e9l\u00e9vision\u00a0\u00bb.<\/p>\n<p>Bless\u00e9 l\u00e9g\u00e8rement \u00e0 la cheville, Benlameri est incertain pour le rendez-vous de jeudi. Le staff technique a appel\u00e9 en renfort le d\u00e9fenseur de l\u2019ES Tunis (Div.1 tunisienne) Abdelkader Bedrane pour parer \u00e0 un \u00e9ventuel forfait.<\/p>\n<p>A la veille de la 3e journ\u00e9e du groupe H, l&rsquo;Alg\u00e9rie occupe la 1re place avec 6 points, devant respectivement le Zimbabwe (4 pts) et le Botswana (1 pt), alors que la Zambie ferme la marche avec 0 point. Les deux premiers du groupe se qualifient pour la phase finale de la CAN-2021.<\/p>\n<\/div>\n<p>Auteur:<br \/>\n<a href=\"http:\/\/www.aps.dz\/sport\/112638-benlamri-nous-prenons-tous-nos-adversaires-au-serieux?utm_source=feedburner&#038;utm_medium=feed&#038;utm_campaign=Feed%3A+aps-sport+%28APS+-+SPORT%29\">Cliquez ici pour lire l&rsquo;article depuis sa source.<\/a><\/p>\n","protected":false},"excerpt":{"rendered":"<p>ALGER &#8211; Le d\u00e9fenseur international alg\u00e9rien de Lyon (France), Djamel Benlamri, a indiqu\u00e9 que la s\u00e9lection nationale prendrait tous ses adversaires au s\u00e9rieux, \u00ab\u00a0sans se soucier du nom de telle ou telle \u00e9quipe\u00a0\u00bb, \u00e0 J-1 de la r\u00e9ception du Zimbabwe, jeudi \u00e0 Alger (20h00) dans le cadre de la 3e journ\u00e9e (Gr. H) des qualifications [&hellip;]<\/p>\n","protected":false},"author":1790,"featured_media":0,"comment_status":"closed","ping_status":"closed","sticky":false,"template":"","format":"standard","meta":{"fifu_image_url":"","fifu_image_alt":"","footnotes":""},"categories":[53,75],"tags":[],"class_list":["post-104404","post","type-post","status-publish","format-standard","hentry","category-algerie","category-sport"],"_links":{"self":[{"href":"https:\/\/linitiative.ca\/International\/wp-json\/wp\/v2\/posts\/104404","targetHints":{"allow":["GET"]}}],"collection":[{"href":"https:\/\/linitiative.ca\/International\/wp-json\/wp\/v2\/posts"}],"about":[{"href":"https:\/\/linitiative.ca\/International\/wp-json\/wp\/v2\/types\/post"}],"author":[{"embeddable":true,"href":"https:\/\/linitiative.ca\/International\/wp-json\/wp\/v2\/users\/1790"}],"replies":[{"embeddable":true,"href":"https:\/\/linitiative.ca\/International\/wp-json\/wp\/v2\/comments?post=104404"}],"version-history":[{"count":0,"href":"https:\/\/linitiative.ca\/International\/wp-json\/wp\/v2\/posts\/104404\/revisions"}],"wp:attachment":[{"href":"https:\/\/linitiative.ca\/International\/wp-json\/wp\/v2\/media?parent=104404"}],"wp:term":[{"taxonomy":"category","embeddable":true,"href":"https:\/\/linitiative.ca\/International\/wp-json\/wp\/v2\/categories?post=104404"},{"taxonomy":"post_tag","embeddable":true,"href":"https:\/\/linitiative.ca\/International\/wp-json\/wp\/v2\/tags?post=104404"}],"curies":[{"name":"wp","href":"https:\/\/api.w.org\/{rel}","templated":true}]}}