{"id":104410,"date":"2020-11-11T10:37:00","date_gmt":"2020-11-11T15:37:00","guid":{"rendered":"https:\/\/linitiative.ca\/International\/ain-temouchent-electrification-de-80-ecoles-par-lenergie-solaire\/"},"modified":"2020-11-11T10:37:00","modified_gmt":"2020-11-11T15:37:00","slug":"ain-temouchent-electrification-de-80-ecoles-par-lenergie-solaire","status":"publish","type":"post","link":"https:\/\/linitiative.ca\/International\/ain-temouchent-electrification-de-80-ecoles-par-lenergie-solaire\/","title":{"rendered":"AIN TEMOUCHENT : \u00c9lectrification de 80 \u00e9coles par l\u2019\u00e9nergie solaire"},"content":{"rendered":"<p><br id=\"sep_para_1\" class=\"sep_para access\"\/><\/p>\n<div id=\"para_1\" class=\"para_39445473 resize\">\n<div class=\"texte access firstletter\">Pas moins de 80 \u00e9coles primaires dans la wilaya d&rsquo;Ain Temouchent ont b\u00e9n\u00e9fici\u00e9 d&rsquo;\u00e9quipement et de raccordement au r\u00e9seau d&rsquo;\u00e9nergie solaire. La directrice de wilaya de l&rsquo;Energie, Rachida Melhani a indiqu\u00e9 que l&rsquo;op\u00e9ration de raccordement de ces \u00e9tablissements scolaires \u00e0 l&rsquo;\u00e9nergie solaire s&rsquo;inscrit dans le cadre d&rsquo;un programme, qui a touch\u00e9 depuis sa mise en \u0153uvre en 2019, 80 \u00e9coles primaires r\u00e9parties sur toutes les communes de la wilaya, particuli\u00e8rement celles situ\u00e9es dans les zones d&rsquo;ombre et les localit\u00e9s \u00e9loign\u00e9es. L&rsquo;op\u00e9ration a \u00e9t\u00e9 financ\u00e9e par\u00a0 la Caisse de solidarit\u00e9 et de garantie des collectivit\u00e9s locales pour une enveloppe financi\u00e8re de 163 millions DA, le co\u00fbt d&rsquo;installation et de raccordement par \u00e9cole variant entre 2 millions et 3 millions DA suivant la superficie de l&rsquo;\u00e9cole et le nombre de classes, a-t-on fait savoir. Le secteur de l&rsquo;\u00e9nergie \u0153uvre, en coordination avec les collectivit\u00e9s locales \u00e0 poursuivre la g\u00e9n\u00e9ralisation de l&rsquo;utilisation de l&rsquo;\u00e9nergie solaire aux \u00e9coles suivant un programme qui se concr\u00e9tise progressivement en fonction des priorit\u00e9s et des moyens financiers disponibles, a ajout\u00e9 la responsable. Le programme de g\u00e9n\u00e9ralisation de l&rsquo;utilisation de l&rsquo;\u00e9nergie solaire rev\u00eat un int\u00e9r\u00eat particulier surtout qu&rsquo;il permet de r\u00e9duire les d\u00e9penses publiques li\u00e9es \u00e0 la consommation d&rsquo;\u00e9nergie.<\/div>\n<\/div>\n<p>Auteur: R\u00e9flexion<br \/>\n<a href=\"https:\/\/www.reflexiondz.net\/AIN-TEMOUCHENT-Electrification-de-80-ecoles-par-l-energie-solaire_a66244.html\">Cliquez ici pour lire l&rsquo;article depuis sa source.<\/a><\/p>\n","protected":false},"excerpt":{"rendered":"<p>Pas moins de 80 \u00e9coles primaires dans la wilaya d&rsquo;Ain Temouchent ont b\u00e9n\u00e9fici\u00e9 d&rsquo;\u00e9quipement et de raccordement au r\u00e9seau d&rsquo;\u00e9nergie solaire. La directrice de wilaya de l&rsquo;Energie, Rachida Melhani a indiqu\u00e9 que l&rsquo;op\u00e9ration de raccordement de ces \u00e9tablissements scolaires \u00e0 l&rsquo;\u00e9nergie solaire s&rsquo;inscrit dans le cadre d&rsquo;un programme, qui a touch\u00e9 depuis sa mise en [&hellip;]<\/p>\n","protected":false},"author":1740,"featured_media":0,"comment_status":"closed","ping_status":"closed","sticky":false,"template":"","format":"standard","meta":{"fifu_image_url":"","fifu_image_alt":"","footnotes":""},"categories":[53,76],"tags":[],"class_list":["post-104410","post","type-post","status-publish","format-standard","hentry","category-algerie","category-regions"],"_links":{"self":[{"href":"https:\/\/linitiative.ca\/International\/wp-json\/wp\/v2\/posts\/104410","targetHints":{"allow":["GET"]}}],"collection":[{"href":"https:\/\/linitiative.ca\/International\/wp-json\/wp\/v2\/posts"}],"about":[{"href":"https:\/\/linitiative.ca\/International\/wp-json\/wp\/v2\/types\/post"}],"author":[{"embeddable":true,"href":"https:\/\/linitiative.ca\/International\/wp-json\/wp\/v2\/users\/1740"}],"replies":[{"embeddable":true,"href":"https:\/\/linitiative.ca\/International\/wp-json\/wp\/v2\/comments?post=104410"}],"version-history":[{"count":0,"href":"https:\/\/linitiative.ca\/International\/wp-json\/wp\/v2\/posts\/104410\/revisions"}],"wp:attachment":[{"href":"https:\/\/linitiative.ca\/International\/wp-json\/wp\/v2\/media?parent=104410"}],"wp:term":[{"taxonomy":"category","embeddable":true,"href":"https:\/\/linitiative.ca\/International\/wp-json\/wp\/v2\/categories?post=104410"},{"taxonomy":"post_tag","embeddable":true,"href":"https:\/\/linitiative.ca\/International\/wp-json\/wp\/v2\/tags?post=104410"}],"curies":[{"name":"wp","href":"https:\/\/api.w.org\/{rel}","templated":true}]}}