{"id":104422,"date":"2020-11-11T11:31:00","date_gmt":"2020-11-11T16:31:00","guid":{"rendered":"https:\/\/linitiative.ca\/International\/lites-appelle-a-un-dialogue-national-socioeconomique-inclusif\/"},"modified":"2020-11-11T11:31:00","modified_gmt":"2020-11-11T16:31:00","slug":"lites-appelle-a-un-dialogue-national-socioeconomique-inclusif","status":"publish","type":"post","link":"https:\/\/linitiative.ca\/International\/lites-appelle-a-un-dialogue-national-socioeconomique-inclusif\/","title":{"rendered":"L\u2019ITES appelle \u00e0 un dialogue national socio\u00e9conomique inclusif"},"content":{"rendered":"<p>Le think tank de la Pr\u00e9sidence de la R\u00e9publique, ITES, propose un plan de sauvetage de l\u2019\u00e9conomie nationale sur la base de sc\u00e9narios d\u2019\u00e9volution \u00e0 l\u2019horizon 2021 et formule des orientations qu\u2019il juge strat\u00e9gique. Dans une \u00e9tude r\u00e9cemment publi\u00e9e, il appelle \u00e0 prendre appui sur l\u2019analyse d\u00e9velopp\u00e9e pour lancer dialogue national socio\u00e9conomique inclusif.<\/p>\n<p>L\u2019<a href=\"http:\/\/www.ites.tn\/fr\/publications\/LA-TUNISIE-FACE-%C3%80-LA-COVID-19-%C3%80-L%E2%80%99HORIZON-2025-:-VULN%C3%89RABILIT%C3%89S-DU-PILOTAGE-%C3%89CONOMIQUE-EN-TEMPS-DE-LA-COVID-19-EN-TUNISIE-ET-%C3%89L%C3%89MENTS-DE-POLITIQUES-DE-R%C3%89PONSE-ET-DE-GESTION-DE-SORTIE-DE-CRISE-:\/67\" target=\"_blank\" rel=\"noopener noreferrer\">\u00e9tude<\/a> pr\u00e9conise quatre grandes orientations \u00e0 savoir:<\/p>\n<p class=\"c3\"><span class=\"c2\"><strong>\u2022<\/strong><\/span> Une vision \u00e9conomique clairement d\u00e9finie et port\u00e9e au plus haut niveau de l\u2019Etat;<\/p>\n<p class=\"c3\"><span class=\"c2\"><strong>\u2022<\/strong><\/span> Pour un r\u00f4le moderne de l\u2019Etat dans la sph\u00e8re \u00e9conomique;<\/p>\n<p class=\"c3\"><span class=\"c2\"><strong>\u2022<\/strong><\/span> Le capital humain, fer de lance de la nouvelle dynamique \u00e9conomique;<\/p>\n<p class=\"c3\"><span class=\"c2\"><strong>\u2022<\/strong><\/span> L\u2019Innovation, l\u2019investissement et le financement, vecteurs d\u2019une nouvelle dynamique \u00e9conomique<\/p>\n<p>Dans la note de pr\u00e9sentation de l\u2019\u00e9tude, l\u2019ITES \u00e9crit: \u00abLa conjoncture nationale appelle un sursaut et dicte un changement d\u2019attitude et d\u2019\u00e9tat d\u2019esprit. Pas de relance sans lucidit\u00e9 et ambition mais pas de strat\u00e9gie possible sans libert\u00e9 et autonomie d\u2019action. Il s\u2019agit d\u2019\u00eatre en mesure de donner du sens \u00e0 l\u2019avenir pour mieux \u00e9clairer l\u2019action pr\u00e9sente et proposer une strat\u00e9gie permettant le sauvetage \u00e9conomique du pays et la mat\u00e9rialisation d\u2019une vision pour le pays. Telle est la t\u00e2che \u00e0 laquelle s\u2019attelle l\u2019ITES.<\/p>\n<p>La Tunisie traverse une polycrise secouant brutalement ses fondamentaux \u00e9conomiques susceptibles, \u00e0 terme, s\u2019ils ne sont pas r\u00e9tablis, de menacer le processus de transition d\u00e9mocratique, voire la s\u00e9curit\u00e9 nationale du pays via le risque d\u2019explosion de graves troubles sociaux. En effet, selon la plupart des analystes \u00e9conomiques, le pays traverse la crise \u00e9conomique la plus grave de son histoire dictant, face \u00e0 l\u2019enracinement de d\u00e9faillances structurelles et l\u2019adoption de politiques \u00e9conomiques non adapt\u00e9es et non calibr\u00e9es \u00e0 la gravit\u00e9 de la situation, d\u2019innover, de sortir du brouillard ambiant et de la gestion dans l\u2019urgence sans perspective d\u2019avenir, sans vision structur\u00e9e et transversale int\u00e9grant l\u2019ensemble des composantes vitales de la Tunisie sur les plans sanitaires, \u00e9conomiques, sociaux, etc.<\/p>\n<p>En ce sens, un changement de paradigme dans l\u2019approche et quant au fond s\u2019impose afin d\u2019initier une trajectoire de sauvetage \u00e9conomique du pays tranchant avec les approches pass\u00e9es devenues obsol\u00e8tes, voire contre-productives, en s\u2019attaquant m\u00e9thodiquement aux causes profondes et structurelles de l\u2019ensemble des maux hypoth\u00e9quant le pr\u00e9sent et l\u2019avenir socio-\u00e9conomiques du pays.<\/p>\n<p>Dans ce contexte, l\u2019ITES publie une <a href=\"\/uploads\/FCK_files\/ITES%20Economie%202020.pdf\">\u00e9tude \u00e9conomique<\/a> \u00abVuln\u00e9rabilit\u00e9s du pilotage \u00e9conomique en temps de la Covid-19 en Tunisie et \u00e9l\u00e9ments de politiques de r\u00e9ponse et de gestion de sortie de crise: pour un sauvetage de l\u2019\u00e9conomie nationale \u00e0 court terme (horizon 2021)\u00bb. Elle dresse un diagnostic pr\u00e9cis de la situation \u00e9conomique de la Tunisie, construisant des sc\u00e9narios chiffr\u00e9s d\u2019\u00e9volution \u00e0 l\u2019horizon 2021 (sc\u00e9narios de r\u00e9silience et d\u2019att\u00e9nuation des risques ; sc\u00e9narios de cadrage et de pr\u00e9visions macro\u00e9conomiques 2020-2021) et formule les orientations strat\u00e9giques pour faire face au sc\u00e9nario catastrophique et cibler le sc\u00e9nario souhaitable de sauvetage \u00e9conomique du pays. Il s\u2019agit d\u2019un v\u00e9ritable plan de sauvetage de l\u2019\u00e9conomie nationale ouvrant la voie \u00e0 une strat\u00e9gie de sortie de crise et de relance \u00e9conomique de la Tunisie \u00e0 l\u2019horizon 2025 (plan de relance r\u00e9pondant \u00e0 l\u2019urgence tout en \u00e9tant bas\u00e9 sur une vision socio\u00e9conomique \u00e0 l\u2019horizon 2025).<br \/>\u00a0<\/p>\n<p>Auteur:<br \/>\n<a href=\"https:\/\/www.leaders.com.tn\/article\/30912-l-ites-appelle-a-un-dialogue-national-socioeconomique-inclusif\">Cliquez ici pour lire l&rsquo;article depuis sa source.<\/a><\/p>\n","protected":false},"excerpt":{"rendered":"<p>Le think tank de la Pr\u00e9sidence de la R\u00e9publique, ITES, propose un plan de sauvetage de l\u2019\u00e9conomie nationale sur la base de sc\u00e9narios d\u2019\u00e9volution \u00e0 l\u2019horizon 2021 et formule des orientations qu\u2019il juge strat\u00e9gique. Dans une \u00e9tude r\u00e9cemment publi\u00e9e, il appelle \u00e0 prendre appui sur l\u2019analyse d\u00e9velopp\u00e9e pour lancer dialogue national socio\u00e9conomique inclusif. L\u2019\u00e9tude pr\u00e9conise [&hellip;]<\/p>\n","protected":false},"author":1772,"featured_media":0,"comment_status":"closed","ping_status":"closed","sticky":false,"template":"","format":"standard","meta":{"fifu_image_url":"","fifu_image_alt":"","footnotes":""},"categories":[73,55],"tags":[],"class_list":["post-104422","post","type-post","status-publish","format-standard","hentry","category-actualite","category-tunisie"],"_links":{"self":[{"href":"https:\/\/linitiative.ca\/International\/wp-json\/wp\/v2\/posts\/104422","targetHints":{"allow":["GET"]}}],"collection":[{"href":"https:\/\/linitiative.ca\/International\/wp-json\/wp\/v2\/posts"}],"about":[{"href":"https:\/\/linitiative.ca\/International\/wp-json\/wp\/v2\/types\/post"}],"author":[{"embeddable":true,"href":"https:\/\/linitiative.ca\/International\/wp-json\/wp\/v2\/users\/1772"}],"replies":[{"embeddable":true,"href":"https:\/\/linitiative.ca\/International\/wp-json\/wp\/v2\/comments?post=104422"}],"version-history":[{"count":0,"href":"https:\/\/linitiative.ca\/International\/wp-json\/wp\/v2\/posts\/104422\/revisions"}],"wp:attachment":[{"href":"https:\/\/linitiative.ca\/International\/wp-json\/wp\/v2\/media?parent=104422"}],"wp:term":[{"taxonomy":"category","embeddable":true,"href":"https:\/\/linitiative.ca\/International\/wp-json\/wp\/v2\/categories?post=104422"},{"taxonomy":"post_tag","embeddable":true,"href":"https:\/\/linitiative.ca\/International\/wp-json\/wp\/v2\/tags?post=104422"}],"curies":[{"name":"wp","href":"https:\/\/api.w.org\/{rel}","templated":true}]}}