{"id":104425,"date":"2020-11-11T10:18:41","date_gmt":"2020-11-11T15:18:41","guid":{"rendered":"https:\/\/linitiative.ca\/International\/vrai-ou-fake-sur-la-covid-19-au-maroc-mercredi-11-novembre\/"},"modified":"2020-11-11T10:18:41","modified_gmt":"2020-11-11T15:18:41","slug":"vrai-ou-fake-sur-la-covid-19-au-maroc-mercredi-11-novembre","status":"publish","type":"post","link":"https:\/\/linitiative.ca\/International\/vrai-ou-fake-sur-la-covid-19-au-maroc-mercredi-11-novembre\/","title":{"rendered":"Vrai ou Fake sur la Covid-19 au Maroc, mercredi 11 novembre"},"content":{"rendered":"<p><strong>Le coronavirus, qui a contamin\u00e9 plus de 51 millions de personnes dans le monde, est \u00e0 l\u2019origine d\u2019un flot de Fake news relay\u00e9es par des sites d\u2019information et sur les r\u00e9seaux sociaux.<\/strong><\/p>\n<div class=\"c10\"\/>\n<p>\u2013 Quelque 10 millions de doses du vaccin anti-Covid-19 seront disponibles au Maroc. <strong>VRAI<\/strong><\/p>\n<p>\u2013 Les vaccins contre la Covid-19 modifieront l\u2019ADN des receveurs. <strong>FAKE<\/strong><\/p>\n<p>\u2013 Le taux de reproduction de la Covid-19 a atteint 1,22 au niveau national. <strong>VRAI<\/strong><\/p>\n<p><strong>Lire aussi |\u00a0<a rel=\"noreferrer noopener\" href=\"https:\/\/www.challenge.ma\/fatima-zohra-alaoui-dg-de-lamith-lamendement-de-lale-avec-la-turquie-retablira-une-concurrence-plus-loyale-sur-le-marche-local-164829\/\" target=\"_blank\">Fatima Zohra Alaoui, DG de l\u2019AMITH : \u00ab L\u2019amendement de l\u2019ALE avec la Turquie r\u00e9tablira une concurrence plus loyale sur le march\u00e9 local \u00bb<\/a><\/strong><\/p>\n<p>\u2013 Retour au confinement g\u00e9n\u00e9ral dans la ville de Casablanca qui continue d\u2019enregistrer quotidiennement un millier de nouveaux cas de Covid-19. <strong>FAKE\u00a0<\/strong><\/p>\n<p>\u2013 Un total de 4.000 \u00e9l\u00e8ves ont \u00e9t\u00e9 contamin\u00e9s au Coronavirus sur un effectif global de 8 millions de gar\u00e7ons et filles qui fr\u00e9quentent les diff\u00e9rents cycles de l\u2019enseignement marocain. <strong>VRAI<\/strong> Ce chiffre a \u00e9t\u00e9 d\u00e9voil\u00e9 par le ministre de l\u2019Education Nationale, la Formation Professionnelle, l\u2019Enseignement Sup\u00e9rieur et la Recherche Scientifique, Saaid Amzazi, qui a \u00e9galement affirm\u00e9 que la plupart de ces contaminations ont eu lieu en dehors du cadre scolaire.<\/p>\n<p>\u2013 Fermeture de la totalit\u00e9 des axes routiers entre les diff\u00e9rentes pr\u00e9fectures et provinces du Royaume \u00e0 partir du 15 novembre.\u00a0<strong>FAKE<\/strong><\/p>\n<p><strong>Lire aussi |<\/strong><a href=\"https:\/\/www.challenge.ma\/vaccin-anti-covid-10-millions-de-doses-disponibles-au-maroc-lors-de-la-premiere-etape-164839\/\"><strong>Vaccin anti-Covid : 10 millions de doses disponibles au Maroc lors de la premi\u00e8re \u00e9tape<\/strong><\/a><\/p>\n<p>Auteur: Hajar DARI<br \/>\n<a href=\"https:\/\/www.challenge.ma\/vrai-ou-fake-sur-la-covid-19-au-maroc-mercredi-11-novembre-164847\/\">Cliquez ici pour lire l&rsquo;article depuis sa source.<\/a><\/p>\n","protected":false},"excerpt":{"rendered":"<p>Le coronavirus, qui a contamin\u00e9 plus de 51 millions de personnes dans le monde, est \u00e0 l\u2019origine d\u2019un flot de Fake news relay\u00e9es par des sites d\u2019information et sur les r\u00e9seaux sociaux. \u2013 Quelque 10 millions de doses du vaccin anti-Covid-19 seront disponibles au Maroc. VRAI \u2013 Les vaccins contre la Covid-19 modifieront l\u2019ADN des [&hellip;]<\/p>\n","protected":false},"author":1787,"featured_media":0,"comment_status":"closed","ping_status":"closed","sticky":false,"template":"","format":"standard","meta":{"fifu_image_url":"","fifu_image_alt":"","footnotes":""},"categories":[78,54],"tags":[],"class_list":["post-104425","post","type-post","status-publish","format-standard","hentry","category-economie","category-maroc"],"_links":{"self":[{"href":"https:\/\/linitiative.ca\/International\/wp-json\/wp\/v2\/posts\/104425","targetHints":{"allow":["GET"]}}],"collection":[{"href":"https:\/\/linitiative.ca\/International\/wp-json\/wp\/v2\/posts"}],"about":[{"href":"https:\/\/linitiative.ca\/International\/wp-json\/wp\/v2\/types\/post"}],"author":[{"embeddable":true,"href":"https:\/\/linitiative.ca\/International\/wp-json\/wp\/v2\/users\/1787"}],"replies":[{"embeddable":true,"href":"https:\/\/linitiative.ca\/International\/wp-json\/wp\/v2\/comments?post=104425"}],"version-history":[{"count":0,"href":"https:\/\/linitiative.ca\/International\/wp-json\/wp\/v2\/posts\/104425\/revisions"}],"wp:attachment":[{"href":"https:\/\/linitiative.ca\/International\/wp-json\/wp\/v2\/media?parent=104425"}],"wp:term":[{"taxonomy":"category","embeddable":true,"href":"https:\/\/linitiative.ca\/International\/wp-json\/wp\/v2\/categories?post=104425"},{"taxonomy":"post_tag","embeddable":true,"href":"https:\/\/linitiative.ca\/International\/wp-json\/wp\/v2\/tags?post=104425"}],"curies":[{"name":"wp","href":"https:\/\/api.w.org\/{rel}","templated":true}]}}