{"id":104427,"date":"2020-11-11T11:28:48","date_gmt":"2020-11-11T16:28:48","guid":{"rendered":"https:\/\/linitiative.ca\/International\/karabakh-erdogan-en-grand-vainqueur\/"},"modified":"2020-11-11T11:28:48","modified_gmt":"2020-11-11T16:28:48","slug":"karabakh-erdogan-en-grand-vainqueur","status":"publish","type":"post","link":"https:\/\/linitiative.ca\/International\/karabakh-erdogan-en-grand-vainqueur\/","title":{"rendered":"Karabakh : Erdogan en grand vainqueur"},"content":{"rendered":"<p><strong>Les Arm\u00e9niens ont, une nouvelle fois, \u00e9t\u00e9 l\u00e2ch\u00e9s par la communaut\u00e9 internationale. Leur d\u00e9faite est sans appel. Le Karabakh, c\u2019est un h\u00e9ritage des ann\u00e9es 20 du si\u00e8cle dernier.<\/strong><\/p>\n<div class=\"c10\"\/>\n<p>Suite \u00e0 la fin du Califat ottoman, c\u2019est l\u2019URSS qui s\u2019empare de toute la r\u00e9gion. L\u2019Arm\u00e9nie et l\u2019Azerba\u00efdjan en premier. Elle d\u00e9cide que le Karabakh fait partie du territoire administratif de l\u2019Azerba\u00efdjan, alors que la population \u00e9tait \u00e0 95% arm\u00e9nienne. Cela n\u2019avait aucune importance puisque c\u2019est le Kremlin qui \u00e9crase tout le monde. Mais \u00e0 la fin de l\u2019URSS, le probl\u00e8me devient essentiel. L\u2019Azerba\u00efdjan et l\u2019Arm\u00e9nie sont ind\u00e9pendants et le Karabakh devient un enjeu d\u2019inimiti\u00e9. Il y a eu deux guerres auparavant, avec une victoire arm\u00e9nienne. La R\u00e9publique du Karabakh n\u2019est pas reconnue, mais perdure, alors que la l\u00e9galit\u00e9 internationale d\u00e9fend l\u2019int\u00e9grit\u00e9 territoriale de l\u2019Azerba\u00efdjan. Des pourparlers sont mis en place pour une solution politique, impossible entre deux nationalismes naissants, belliqueux.<\/p>\n<p><strong>Lire aussi | <a href=\"https:\/\/www.challenge.ma\/relance-industrielle-17-conventions-dinvestissement-signees-164872\/\" target=\"_blank\" rel=\"noreferrer noopener\">Relance industrielle : 17 conventions d\u2019investissement sign\u00e9es<\/a><\/strong><\/p>\n<p>L\u2019Azerba\u00efdjan s\u2019arme gr\u00e2ce aux recettes du p\u00e9trole et attend l\u2019heure de la vengeance. Le contexte international, l\u2019absence de l\u2019Union europ\u00e9enne, malgr\u00e9 les gesticulations de la France, les USA regardant ailleurs, l\u2019offensive est lanc\u00e9e. En six semaines, la victoire \u00e9crasante est acquise. C\u2019est Poutine qui fixe les r\u00e8gles du cessez-le-feu. Parce qu\u2019il n\u2019est pas \u00e9loign\u00e9 des pr\u00e9tentions h\u00e9g\u00e9moniques, il doit satisfaire la Turquie, pour pr\u00e9server l\u2019essentiel, c\u2019est-\u00e0-dire le territoire reconnu de l\u2019Arm\u00e9nie. Alors l\u2019accord pr\u00e9voit un corridor pour la Turquie, la liant \u00e0 l\u2019Azerba\u00efdjan, surveill\u00e9, assur\u00e9 par l\u2019arm\u00e9e russe. Cela permet \u00e0 Erdogan de revenir sur toute la zone d\u2019influence turque d\u2019avant la premi\u00e8re guerre mondiale. Le Karabakh reste divis\u00e9, mais Poutine et Erdogan ont d\u00e9cid\u00e9. Le groupe de Minsk n\u2019existe plus.<\/p>\n<p><strong>Lire aussi | <a href=\"https:\/\/www.challenge.ma\/vaccin-anti-covid-10-millions-de-doses-disponibles-au-maroc-lors-de-la-premiere-etape-164839\/\" target=\"_blank\" rel=\"noreferrer noopener\">Vaccin anti-Covid : 10 millions de doses disponibles au Maroc lors de la premi\u00e8re \u00e9tape<\/a><\/strong><\/p>\n<p>Ces deux acteurs ont les m\u00eames vis\u00e9es : \u00e9tendre leurs zones d\u2019influence. Ils ne sont pas alli\u00e9s, mais se mettent d\u2019accord chaque fois qu\u2019ils peuvent partager les gains en \u00e9jectant les autres puissances. C\u2019est une nouvelle donne de la g\u00e9opolitique internationale. On le voit sur plusieurs terrains. Cela ne pr\u00e9sage rien de bon parce que cela anime les conflits r\u00e9gionaux. Les r\u00e9criminations de l\u2019Europe sont juste des palabres parce que son union est factice. Les USA reviendront-ils dans le jeu\u00a0? Wait and see.<\/p>\n<p>Auteur: Jamal Berraoui<br \/>\n<a href=\"https:\/\/www.challenge.ma\/karabakh-erdogan-en-grand-vainqueur-164883\/\">Cliquez ici pour lire l&rsquo;article depuis sa source.<\/a><\/p>\n","protected":false},"excerpt":{"rendered":"<p>Les Arm\u00e9niens ont, une nouvelle fois, \u00e9t\u00e9 l\u00e2ch\u00e9s par la communaut\u00e9 internationale. Leur d\u00e9faite est sans appel. Le Karabakh, c\u2019est un h\u00e9ritage des ann\u00e9es 20 du si\u00e8cle dernier. Suite \u00e0 la fin du Califat ottoman, c\u2019est l\u2019URSS qui s\u2019empare de toute la r\u00e9gion. L\u2019Arm\u00e9nie et l\u2019Azerba\u00efdjan en premier. Elle d\u00e9cide que le Karabakh fait partie [&hellip;]<\/p>\n","protected":false},"author":1787,"featured_media":0,"comment_status":"closed","ping_status":"closed","sticky":false,"template":"","format":"standard","meta":{"fifu_image_url":"","fifu_image_alt":"","footnotes":""},"categories":[78,54],"tags":[],"class_list":["post-104427","post","type-post","status-publish","format-standard","hentry","category-economie","category-maroc"],"_links":{"self":[{"href":"https:\/\/linitiative.ca\/International\/wp-json\/wp\/v2\/posts\/104427","targetHints":{"allow":["GET"]}}],"collection":[{"href":"https:\/\/linitiative.ca\/International\/wp-json\/wp\/v2\/posts"}],"about":[{"href":"https:\/\/linitiative.ca\/International\/wp-json\/wp\/v2\/types\/post"}],"author":[{"embeddable":true,"href":"https:\/\/linitiative.ca\/International\/wp-json\/wp\/v2\/users\/1787"}],"replies":[{"embeddable":true,"href":"https:\/\/linitiative.ca\/International\/wp-json\/wp\/v2\/comments?post=104427"}],"version-history":[{"count":0,"href":"https:\/\/linitiative.ca\/International\/wp-json\/wp\/v2\/posts\/104427\/revisions"}],"wp:attachment":[{"href":"https:\/\/linitiative.ca\/International\/wp-json\/wp\/v2\/media?parent=104427"}],"wp:term":[{"taxonomy":"category","embeddable":true,"href":"https:\/\/linitiative.ca\/International\/wp-json\/wp\/v2\/categories?post=104427"},{"taxonomy":"post_tag","embeddable":true,"href":"https:\/\/linitiative.ca\/International\/wp-json\/wp\/v2\/tags?post=104427"}],"curies":[{"name":"wp","href":"https:\/\/api.w.org\/{rel}","templated":true}]}}