{"id":104428,"date":"2020-11-11T11:39:06","date_gmt":"2020-11-11T16:39:06","guid":{"rendered":"https:\/\/linitiative.ca\/International\/fifa-fouzi-lekjaa-se-declare-candidat\/"},"modified":"2020-11-11T11:39:06","modified_gmt":"2020-11-11T16:39:06","slug":"fifa-fouzi-lekjaa-se-declare-candidat","status":"publish","type":"post","link":"https:\/\/linitiative.ca\/International\/fifa-fouzi-lekjaa-se-declare-candidat\/","title":{"rendered":"FIFA : Fouzi Lekja\u00e2 se d\u00e9clare candidat"},"content":{"rendered":"<p><strong>Le pr\u00e9sident de la F\u00e9d\u00e9ration royale marocaine de football (FRMF), Fouzi Lekja\u00e2, a annonc\u00e9 mercredi sa candidature pour le poste de membre du conseil de la F\u00e9d\u00e9ration internationale de football (FIFA).<\/strong><\/p>\n<div class=\"c10\"\/>\n<p>La FRMF a indiqu\u00e9 que cette candidature intervient en vue de la prochaine Assembl\u00e9e g\u00e9n\u00e9rale de la Conf\u00e9d\u00e9ration africaine de football (CAF) pr\u00e9vue \u00e0 Rabat le 12 mars prochain. Cette candidature est la premi\u00e8re de son genre du Maroc \u00e0 cette instance sportive mondiale, pr\u00e9cise la F\u00e9d\u00e9ration.<\/p>\n<p><strong>Lire aussi | <a href=\"https:\/\/www.challenge.ma\/relance-industrielle-17-conventions-dinvestissement-signees-164872\/\" target=\"_blank\" rel=\"noreferrer noopener\">Relance industrielle : 17 conventions d\u2019investissement sign\u00e9es<\/a><\/strong><\/p>\n<p>Fouzi Lekja\u00e2, deuxi\u00e8me vice-pr\u00e9sident de la CAF, occupe en outre plusieurs fonctions au sein des instances et commissions du football mondial et continental : il est pr\u00e9sident de la commission des finances de la CAF et vice-pr\u00e9sident de la commission d\u2019organisation des comp\u00e9titions inter-clubs et de la gestion du syst\u00e8me d\u2019octroi des licences de clubs au sein de la CAF, en plus de si\u00e9ger \u00e0 la commission de gouvernance de la FIFA.<\/p>\n<p>Auteur: challenge<br \/>\n<a href=\"https:\/\/www.challenge.ma\/fifa-fouzi-lekjaa-se-declare-candidat-164893\/\">Cliquez ici pour lire l&rsquo;article depuis sa source.<\/a><\/p>\n","protected":false},"excerpt":{"rendered":"<p>Le pr\u00e9sident de la F\u00e9d\u00e9ration royale marocaine de football (FRMF), Fouzi Lekja\u00e2, a annonc\u00e9 mercredi sa candidature pour le poste de membre du conseil de la F\u00e9d\u00e9ration internationale de football (FIFA). La FRMF a indiqu\u00e9 que cette candidature intervient en vue de la prochaine Assembl\u00e9e g\u00e9n\u00e9rale de la Conf\u00e9d\u00e9ration africaine de football (CAF) pr\u00e9vue \u00e0 [&hellip;]<\/p>\n","protected":false},"author":1787,"featured_media":0,"comment_status":"closed","ping_status":"closed","sticky":false,"template":"","format":"standard","meta":{"fifu_image_url":"","fifu_image_alt":"","footnotes":""},"categories":[78,54],"tags":[],"class_list":["post-104428","post","type-post","status-publish","format-standard","hentry","category-economie","category-maroc"],"_links":{"self":[{"href":"https:\/\/linitiative.ca\/International\/wp-json\/wp\/v2\/posts\/104428","targetHints":{"allow":["GET"]}}],"collection":[{"href":"https:\/\/linitiative.ca\/International\/wp-json\/wp\/v2\/posts"}],"about":[{"href":"https:\/\/linitiative.ca\/International\/wp-json\/wp\/v2\/types\/post"}],"author":[{"embeddable":true,"href":"https:\/\/linitiative.ca\/International\/wp-json\/wp\/v2\/users\/1787"}],"replies":[{"embeddable":true,"href":"https:\/\/linitiative.ca\/International\/wp-json\/wp\/v2\/comments?post=104428"}],"version-history":[{"count":0,"href":"https:\/\/linitiative.ca\/International\/wp-json\/wp\/v2\/posts\/104428\/revisions"}],"wp:attachment":[{"href":"https:\/\/linitiative.ca\/International\/wp-json\/wp\/v2\/media?parent=104428"}],"wp:term":[{"taxonomy":"category","embeddable":true,"href":"https:\/\/linitiative.ca\/International\/wp-json\/wp\/v2\/categories?post=104428"},{"taxonomy":"post_tag","embeddable":true,"href":"https:\/\/linitiative.ca\/International\/wp-json\/wp\/v2\/tags?post=104428"}],"curies":[{"name":"wp","href":"https:\/\/api.w.org\/{rel}","templated":true}]}}