{"id":104429,"date":"2020-11-11T14:26:27","date_gmt":"2020-11-11T19:26:27","guid":{"rendered":"https:\/\/linitiative.ca\/International\/relance-economique-le-protectionnisme-prone-par-le-gouvernement-suffira-t-il-pour-redemarrer-la-machine\/"},"modified":"2020-11-11T14:26:27","modified_gmt":"2020-11-11T19:26:27","slug":"relance-economique-le-protectionnisme-prone-par-le-gouvernement-suffira-t-il-pour-redemarrer-la-machine","status":"publish","type":"post","link":"https:\/\/linitiative.ca\/International\/relance-economique-le-protectionnisme-prone-par-le-gouvernement-suffira-t-il-pour-redemarrer-la-machine\/","title":{"rendered":"Relance \u00e9conomique:  le protectionnisme pr\u00f4n\u00e9 par le gouvernement suffira-t-il pour red\u00e9marrer la machine?"},"content":{"rendered":"<p><strong>C\u2019est un choix assum\u00e9 par l\u2019Ex\u00e9cutif. Le Projet de Loi de Finances (PLF) 2021 pr\u00e9voit, en effet, une augmentation des droits de douane. Et pour cause, le gouvernement entend augmenter les recettes des droits d\u2019importation de 36,21% par rapport \u00e0 2020, pour atteindre 10,8 milliards de DH.<\/strong><\/p>\n<div class=\"c10\"\/>\n<p>Le protectionnisme pr\u00f4n\u00e9 par le PLF 2021 suffira-t-il pour relancer l\u2019\u00e9conomie nationale\u00a0?, s\u2019interroge Telquel.ma dans l\u2019une de r\u00e9centes ses publications. Le journal rappelle ainsi que parmi les diff\u00e9rents moyens mis en place par l\u2019Etat pour relancer la machine \u00e9conomique, qui fonctionne au ralenti depuis le d\u00e9but de la crise du Covid-19, le Projet de Loi de Finances (PLF) 2021 pr\u00e9voit une augmentation des droits de douane. En effet, le gouvernement pr\u00e9voit une hausse des recettes des droits d\u2019importation de 36,21% par rapport \u00e0 2020, pour atteindre 10,8 milliards de DH.<\/p>\n<p><strong>Lire aussi| <a href=\"https:\/\/www.challenge.ma\/?p=164872&amp;preview=true&amp;_thumbnail_id=164881\">Relance industrielle : 17 conventions d\u2019investissement sign\u00e9es<\/a><\/strong><\/p>\n<p>Telquel.ma fait d\u2019ailleurs remarquer que cette strat\u00e9gie de relance ne fait pas le bonheur de tout le monde puisque les commer\u00e7ants sont d\u2019ores et d\u00e9j\u00e0 mont\u00e9s au cr\u00e9neau pour mettre en garde contre une hausse des prix qui va p\u00e9naliser le consommateur final. \u00ab\u00a0A titre d\u2019exemple, les droits de douane devraient passer de 17,5 \u00e0 40% pour les tissus d\u2019ameublement, le chocolat et le cacao. De 2,5 \u00e0 17,5% pour les cartouches de toner et la fibre destin\u00e9e au rembourrage. De 2,5 \u00e0 40% pour les parapluies, ombrelles et parasols, ou encore de 10 \u00e0 40% pour les \u00e9toffes de bonneterie\u00a0\u00bb, pr\u00e9cise telquel.ma, ajoutant que selon le gouvernement, ces mesures visent avant tout \u00e0 prot\u00e9ger la production nationale et faire la promotion du \u00ab\u00a0made in Morocco\u00a0\u00bb.<\/p>\n<p><strong>Lire aussi| <a href=\"https:\/\/www.challenge.ma\/souss-massa-voici-le-guide-du-foncier-industriel-document-164785\/\">Souss-Massa : voici le guide du foncier industriel [Document]<\/a><\/strong><\/p>\n<p>Force est de rappeler que ces mesures douani\u00e8res viennent s\u2019ajouter \u00e0 l\u2019amendement de l\u2019Accord de libre-\u00e9change (ALE) avec la Turquie, qui a r\u00e9tabli les droits de douane \u00e0 hauteur de 90% du droit commun, pendant cinq ans, sur plus de 1200 produits relevant de 630 positions tarifaires, principalement dans le textile et l\u2019habillement, le cuir ou la m\u00e9tallurgie. Le gouvernement semble assumer ce protectionnisme qui a pour objectif de prot\u00e9ger l\u2019industrie nationale, entre autres, \u00e0 travers le lancement d\u2019une banque de projets d\u2019investissement subventionn\u00e9s. Mais telquel.ma met en garde en faisant observer que tout ceci pourrait bien avoir un effet contraire \u00e0 ce qui est attendu. \u00ab\u00a0D\u00e9sormais, et pour supporter la hausse massive des droits de douane, la grande majorit\u00e9 des commer\u00e7ants a \u00e9t\u00e9 contrainte de r\u00e9duire les marges et de reporter la hausse sur les prix de vente au consommateur final, dans un contexte o\u00f9 le pouvoir d\u2019achat des m\u00e9nages est fortement \u00e9branl\u00e9 par les effets de la crise \u00e9conomique que traverse le pays\u00a0\u00bb, assure le journal.<\/p>\n<p>Auteur: challenge<br \/>\n<a href=\"https:\/\/www.challenge.ma\/relance-economique-le-protectionnisme-prone-par-le-gouvernement-suffira-t-il-pour-redemarrer-la-machine-164915\/\">Cliquez ici pour lire l&rsquo;article depuis sa source.<\/a><\/p>\n","protected":false},"excerpt":{"rendered":"<p>C\u2019est un choix assum\u00e9 par l\u2019Ex\u00e9cutif. Le Projet de Loi de Finances (PLF) 2021 pr\u00e9voit, en effet, une augmentation des droits de douane. Et pour cause, le gouvernement entend augmenter les recettes des droits d\u2019importation de 36,21% par rapport \u00e0 2020, pour atteindre 10,8 milliards de DH. Le protectionnisme pr\u00f4n\u00e9 par le PLF 2021 suffira-t-il [&hellip;]<\/p>\n","protected":false},"author":1787,"featured_media":0,"comment_status":"closed","ping_status":"closed","sticky":false,"template":"","format":"standard","meta":{"fifu_image_url":"","fifu_image_alt":"","footnotes":""},"categories":[78,54],"tags":[],"class_list":["post-104429","post","type-post","status-publish","format-standard","hentry","category-economie","category-maroc"],"_links":{"self":[{"href":"https:\/\/linitiative.ca\/International\/wp-json\/wp\/v2\/posts\/104429","targetHints":{"allow":["GET"]}}],"collection":[{"href":"https:\/\/linitiative.ca\/International\/wp-json\/wp\/v2\/posts"}],"about":[{"href":"https:\/\/linitiative.ca\/International\/wp-json\/wp\/v2\/types\/post"}],"author":[{"embeddable":true,"href":"https:\/\/linitiative.ca\/International\/wp-json\/wp\/v2\/users\/1787"}],"replies":[{"embeddable":true,"href":"https:\/\/linitiative.ca\/International\/wp-json\/wp\/v2\/comments?post=104429"}],"version-history":[{"count":0,"href":"https:\/\/linitiative.ca\/International\/wp-json\/wp\/v2\/posts\/104429\/revisions"}],"wp:attachment":[{"href":"https:\/\/linitiative.ca\/International\/wp-json\/wp\/v2\/media?parent=104429"}],"wp:term":[{"taxonomy":"category","embeddable":true,"href":"https:\/\/linitiative.ca\/International\/wp-json\/wp\/v2\/categories?post=104429"},{"taxonomy":"post_tag","embeddable":true,"href":"https:\/\/linitiative.ca\/International\/wp-json\/wp\/v2\/tags?post=104429"}],"curies":[{"name":"wp","href":"https:\/\/api.w.org\/{rel}","templated":true}]}}