{"id":104430,"date":"2020-11-11T15:27:08","date_gmt":"2020-11-11T20:27:08","guid":{"rendered":"https:\/\/linitiative.ca\/International\/tunisie-que-pourrait-demander-kais-saied-a-lemir-du-qatar-pourquoi-pas-des-vaccins-anti-covid\/"},"modified":"2020-11-11T15:27:08","modified_gmt":"2020-11-11T20:27:08","slug":"tunisie-que-pourrait-demander-kais-saied-a-lemir-du-qatar-pourquoi-pas-des-vaccins-anti-covid","status":"publish","type":"post","link":"https:\/\/linitiative.ca\/International\/tunisie-que-pourrait-demander-kais-saied-a-lemir-du-qatar-pourquoi-pas-des-vaccins-anti-covid\/","title":{"rendered":"Tunisie \u2013 Que pourrait demander Ka\u00efs Sa\u00efed \u00e0 l\u2019Emir du Qatar\u00a0? Pourquoi pas des vaccins anti covid\u00a0?"},"content":{"rendered":"<div class=\"post-cont-in left relative\">\n<div id=\"post-info-wrap\" class=\"left relative post-info-out\">\n<div class=\"post-info-img left relative\"><img loading=\"lazy\" decoding=\"async\" alt=\"\" src=\"https:\/\/secure.gravatar.com\/avatar\/9f10b5e5a102bf8cc0ebfb84f5ab5652?s=50&amp;d=mm&amp;r=g\" srcset=\"https:\/\/secure.gravatar.com\/avatar\/9f10b5e5a102bf8cc0ebfb84f5ab5652?s=100&amp;d=mm&amp;r=g 2x\" class=\"avatar avatar-50 photo\" height=\"50\" width=\"50\"\/><\/div>\n<div class=\"post-info-in\">\n<div class=\"post-info-right left relative post-info-name left relative\"><span itemprop=\"author\" itemscope=\"\" itemtype=\"https:\/\/schema.org\/Person\"><span class=\"post-info-text\">Par<\/span> <span class=\"author-name vcard fn author\" itemprop=\"name\"><a href=\"https:\/\/www.tunisienumerique.com\/author\/ramsis\/\" title=\"Articles par Ramsis\" rel=\"author\">Ramsis<\/a><\/span><\/span> <span class=\"post-date updated\"><time class=\"post-date updated\" itemprop=\"datePublished\" datetime=\"2020-11-11\">\u00a0| Il y a 1 heure<\/time><\/span><\/div>\n<div class=\"left relative\"><button id=\"listenButton1\" class=\"responsivevoice-button\" type=\"button\" value=\"Play\" title=\"&#xC9;coutez l'article\"><span>\ud83d\udd0a \u00c9coutez l&rsquo;article<\/span><\/button> <\/div>\n<\/div>\n<\/div>\n<p>La pr\u00e9sidence de la R\u00e9publique a annonc\u00e9, ce mercredi, que le chef de l\u2019Etat se rendra, ce samedi, au Qatar, pour une visite officielle de trois jours.<\/p>\n<div class=\"code-block code-block-1 c4\"><ins class=\"adsbygoogle c3\" data-ad-layout=\"in-article\" data-ad-format=\"fluid\" data-ad-client=\"ca-pub-2102118777505746\" data-ad-slot=\"7301775417\"\/> <\/div>\n<p>Une visite qui sera la bienvenue, en cette p\u00e9riode de disette, si elle est exploit\u00e9e \u00e0 bon escient, pour venir en aide \u00e0 l\u2019\u00e9conomie chancelante du pays.<\/p>\n<p>Les observateurs esp\u00e8rent que la pr\u00e9sident Sa\u00efed d\u00e9roge \u00e0 son habitude de demander des aides dans des secteurs qui ne sont pas, malgr\u00e9 leur importance, les priorit\u00e9s premi\u00e8res du pays. Ils voudraient que Ka\u00efs Sa\u00efed ne demande pas des financements de projets qui pourraient, \u00e9ventuellement, attendre, surtout avec la conjoncture actuelle. Comme cela a \u00e9t\u00e9 le cas, pour sa demande de financement de la ville sanitaire de Kairouan.<\/p>\n<p>Les observateurs voudraient que le pr\u00e9sident demande, du moment qu\u2019il se rend au Qatar de l\u2019argent sonnant et tr\u00e9buchant qui servirait \u00e0 financer les priorit\u00e9s du pays. Ils voudraient, aussi, que cette aide soit mise \u00e0 la disposition exclusive de la pr\u00e9sidence, pour s\u2019assurer de la d\u00e9penser \u00e0 bon escient et pour qu\u2019elle ne soit pas engloutie par l\u2019ab\u00eeme des dettes de l\u2019Etat.<\/p>\n<p>On pense, entre autres, \u00e0 une somme d\u2019argent qui suffirait \u00e0 acheter suffisamment de doses de vaccin anti Covid, pour immuniser la population contre ce fl\u00e9au.<\/p>\n<p>Il faudrait prendre l\u2019exemple du Royaume marocain qui a d\u00e9cid\u00e9 de mettre le paquet pour se payer autant de doses qui suffiront \u00e0 vacciner toute la population marocaine. Il s\u2019agit en effet, d\u2019une strat\u00e9gie tr\u00e8s intelligente, dans la mesure o\u00f9 le Royaume va, certes, payer des sommes colossales, mais il pourra aussit\u00f4t red\u00e9marrer son \u00e9conomie et son industrie, une fois sa population hors de danger.<\/p>\n<p>C\u2019est de la m\u00eame fa\u00e7on qu\u2019on devrait pouvoir agir, sauf que les moyens financiers nous manquent cruellement. C\u2019est pourquoi, une \u00e9ventuelle aide qatarie dans ce sens, serait la bienvenue et le pr\u00e9sident pourrait capitaliser, comme il se doit, sa visite d\u2019Etat au Qatar !<\/p>\n<div class=\"swp_social_panel swp_horizontal_panel swp_flat_fresh swp_default_full_color swp_individual_full_color swp_other_full_color scale-100 scale-\" data-min-width=\"1100\" data-float-color=\"#ffffff\" data-float=\"bottom\" data-float-mobile=\"bottom\" data-transition=\"slide\">\n<div class=\"nc_tweetContainer swp_share_button total_shares total_sharesalt\"><span class=\"swp_count\">11 <span class=\"swp_label\">Partages<\/span><\/span><\/div>\n<\/div>\n<p><strong>Que se passe-t-il en Tunisie?<\/strong><br \/>Nous expliquons sur notre <a href=\"https:\/\/www.youtube.com\/channel\/UCRzypVq0B_yBad5eGrwBx0Q?sub_confirmation=1\" target=\"_blank\" rel=\"noopener noreferrer\">cha\u00eene YouTube<\/a> . <a href=\"https:\/\/www.youtube.com\/channel\/UCRzypVq0B_yBad5eGrwBx0Q?sub_confirmation=1\" target=\"_blank\" rel=\"noopener noreferrer\">Abonnez-vous!<\/a><\/p>\n<div class=\"mvp-org-wrap mvp-org-logo\" itemprop=\"publisher\" itemscope=\"\" itemtype=\"https:\/\/schema.org\/Organization\"><img decoding=\"async\" src=\"https:\/\/www.tunisienumerique.com\/wp-content\/uploads\/2017\/02\/logo_tunisie_numerique.png\"\/><\/div>\n<div class=\"mvp-related-posts left relative\">\n<h4 class=\"post-header\"><span class=\"post-header\">Lire aussi<\/span><\/h4>\n<\/div>\n<div id=\"article-ad\"><ins class=\"adsbygoogle c5\" data-ad-client=\"ca-pub-2102118777505746\" data-ad-slot=\"6513972734\" data-ad-format=\"auto\" data-full-width-responsive=\"true\"\/> <\/div>\n<\/div>\n<div id=\"post-sidebar-wrap\"><ins class=\"adsbygoogle c5\" data-ad-client=\"ca-pub-2102118777505746\" data-ad-slot=\"6168283410\" data-ad-format=\"auto\" data-full-width-responsive=\"true\"\/> <\/div>\n<p>Auteur: Ramsis<br \/>\n<a href=\"https:\/\/www.tunisienumerique.com\/tunisie-que-pourrait-demander-kais-saied-a-lemir-du-qatar-pourquoi-pas-des-vaccins-anti-covid\/\">Cliquez ici pour lire l&rsquo;article depuis sa source.<\/a><\/p>\n","protected":false},"excerpt":{"rendered":"<p>Par Ramsis \u00a0| Il y a 1 heure \ud83d\udd0a \u00c9coutez l&rsquo;article La pr\u00e9sidence de la R\u00e9publique a annonc\u00e9, ce mercredi, que le chef de l\u2019Etat se rendra, ce samedi, au Qatar, pour une visite officielle de trois jours. Une visite qui sera la bienvenue, en cette p\u00e9riode de disette, si elle est exploit\u00e9e \u00e0 bon [&hellip;]<\/p>\n","protected":false},"author":1789,"featured_media":0,"comment_status":"closed","ping_status":"closed","sticky":false,"template":"","format":"standard","meta":{"fifu_image_url":"","fifu_image_alt":"","footnotes":""},"categories":[73,55],"tags":[],"class_list":["post-104430","post","type-post","status-publish","format-standard","hentry","category-actualite","category-tunisie"],"_links":{"self":[{"href":"https:\/\/linitiative.ca\/International\/wp-json\/wp\/v2\/posts\/104430","targetHints":{"allow":["GET"]}}],"collection":[{"href":"https:\/\/linitiative.ca\/International\/wp-json\/wp\/v2\/posts"}],"about":[{"href":"https:\/\/linitiative.ca\/International\/wp-json\/wp\/v2\/types\/post"}],"author":[{"embeddable":true,"href":"https:\/\/linitiative.ca\/International\/wp-json\/wp\/v2\/users\/1789"}],"replies":[{"embeddable":true,"href":"https:\/\/linitiative.ca\/International\/wp-json\/wp\/v2\/comments?post=104430"}],"version-history":[{"count":0,"href":"https:\/\/linitiative.ca\/International\/wp-json\/wp\/v2\/posts\/104430\/revisions"}],"wp:attachment":[{"href":"https:\/\/linitiative.ca\/International\/wp-json\/wp\/v2\/media?parent=104430"}],"wp:term":[{"taxonomy":"category","embeddable":true,"href":"https:\/\/linitiative.ca\/International\/wp-json\/wp\/v2\/categories?post=104430"},{"taxonomy":"post_tag","embeddable":true,"href":"https:\/\/linitiative.ca\/International\/wp-json\/wp\/v2\/tags?post=104430"}],"curies":[{"name":"wp","href":"https:\/\/api.w.org\/{rel}","templated":true}]}}