{"id":104432,"date":"2020-11-11T16:16:11","date_gmt":"2020-11-11T21:16:11","guid":{"rendered":"https:\/\/linitiative.ca\/International\/tunisie-images-un-laboratoire-danalyses-biologiques-hors-la-loi\/"},"modified":"2020-11-11T16:16:11","modified_gmt":"2020-11-11T21:16:11","slug":"tunisie-images-un-laboratoire-danalyses-biologiques-hors-la-loi","status":"publish","type":"post","link":"https:\/\/linitiative.ca\/International\/tunisie-images-un-laboratoire-danalyses-biologiques-hors-la-loi\/","title":{"rendered":"Tunisie \u2013 IMAGES\u00a0: Un laboratoire d\u2019analyses biologiques hors la loi"},"content":{"rendered":"<div class=\"post-cont-in left relative\">\n<div id=\"post-info-wrap\" class=\"left relative post-info-out\">\n<div class=\"post-info-img left relative\"><img loading=\"lazy\" decoding=\"async\" alt=\"\" src=\"https:\/\/secure.gravatar.com\/avatar\/047123be9d5e8513774383916ee72db2?s=50&amp;d=mm&amp;r=g\" srcset=\"https:\/\/secure.gravatar.com\/avatar\/047123be9d5e8513774383916ee72db2?s=100&amp;d=mm&amp;r=g 2x\" class=\"avatar avatar-50 photo\" height=\"50\" width=\"50\"\/><\/div>\n<div class=\"post-info-in\">\n<div class=\"post-info-right left relative post-info-name left relative\"><span itemprop=\"author\" itemscope=\"\" itemtype=\"https:\/\/schema.org\/Person\"><span class=\"post-info-text\">Par<\/span> <span class=\"author-name vcard fn author\" itemprop=\"name\"><a href=\"https:\/\/www.tunisienumerique.com\/author\/lm\/\" title=\"Articles par LM\" rel=\"author\">LM<\/a><\/span><\/span> <span class=\"post-date updated\"><time class=\"post-date updated\" itemprop=\"datePublished\" datetime=\"2020-11-11\">\u00a0| Il y a 1 heure<\/time><\/span><\/div>\n<div class=\"left relative\"><button id=\"listenButton1\" class=\"responsivevoice-button\" type=\"button\" value=\"Play\" title=\"&#xC9;coutez l'article\"><span>\ud83d\udd0a \u00c9coutez l&rsquo;article<\/span><\/button> <\/div>\n<\/div>\n<\/div>\n<p>Un laboratoire d\u2019analyses biologiques, ayant pignon sur rue dans la banlieue nord de Tunis et qui est, de surcroit, install\u00e9 au sein d\u2019un immeuble d\u00e9di\u00e9 aux consultations de m\u00e9decins, de toutes sp\u00e9cialit\u00e9s, n\u2019a aucune scrupule \u00e0 mettre la vie des citoyens en p\u00e9ril.<\/p>\n<div class=\"code-block code-block-1 c4\"><ins class=\"adsbygoogle c3\" data-ad-layout=\"in-article\" data-ad-format=\"fluid\" data-ad-client=\"ca-pub-2102118777505746\" data-ad-slot=\"7301775417\"\/> <\/div>\n<p>La direction de ce laboratoire qui, semble-t-il est accr\u00e9dit\u00e9 par le minist\u00e8re de la Sant\u00e9 pour pratiquer les tests de d\u00e9pistage de la Covid, veut le beurre et l\u2019argent du beurre.<\/p>\n<p>Cette direction veut bien profiter de la manne des revenus des tests virologiques de d\u00e9pistage de la Covid, mais ne veut pas courir le risque de contaminer ses locaux. Non pas par peur pour son personnel, mais pour ne pas se voir oblig\u00e9e de fermer le laboratoire en cas de notification de la moindre contamination en son sein.<\/p>\n<p>La direction du laboratoire a, donc, pour pr\u00e9server ses locaux, \u00ab emprunt\u00e9 \u00bb, la loge du concierge de l\u2019immeuble, situ\u00e9e dans le hall du rez-de-chauss\u00e9e de l\u2019immeuble, pour y pratiquer les pr\u00e9l\u00e8vements virologiques. Elle a fait installer dans le hall, une salle d\u2019attente d\u00e9di\u00e9s aux sujets suspects d\u2019\u00eatre infect\u00e9s et y a mis des fauteuils \u00e0 leur disposition.<\/p>\n<p>Or, cette salle d\u2019attente improvis\u00e9e est situ\u00e9e dans le couloir emprunt\u00e9 par tous les individus qui entrent ou sortent de l\u2019immeuble et qui risquent, de ce fait de se faire contaminer. Et si, jamais, par miracle, ces visiteurs \u00e9chappent \u00e0 la contamination par les patients venus se faire d\u00e9pister, ils ne risquent pas de se faire louper, par le sac de linge souill\u00e9 par les pr\u00e9l\u00e8vements, d\u00e9pos\u00e9 \u00e0 m\u00eame le sol, dans les zones communes de l\u2019immeuble.<\/p>\n<p>Comme l\u2019immeuble en question comporte des bureaux de consultations, la majorit\u00e9 des gens qui s\u2019y trouvent sont des patients porteurs de maladies chroniques qui fragilisent les organismes et les rendent vuln\u00e9rables au virus et les expose \u00e0 des complications d\u00e9sastreuses.<\/p>\n<p>O\u00f9 sont donc les services d\u2019inspection du minist\u00e8re de la Sant\u00e9 qui se vantent d\u2019avoir retir\u00e9 les autorisations de pratiquer les tests de la Covid \u00e0 tous les laboratoires qui ne respectent pas les protocoles sp\u00e9cifiques ?<\/p>\n<p>Qu\u2019attendent-ils pour contr\u00f4ler et v\u00e9rifier la conformit\u00e9 de ce foyer de contamination \u00e0 ciel ouvert et qui menace des personnes de nature fragilis\u00e9es par la maladie\u00a0?<\/p>\n<p><img loading=\"lazy\" decoding=\"async\" class=\"aligncenter size-full wp-image-581848\" src=\"https:\/\/www.tunisienumerique.com\/wp-content\/uploads\/2020\/11\/labo-1.jpg\" alt=\"\" width=\"480\" height=\"640\"\/><\/p>\n<p><img loading=\"lazy\" decoding=\"async\" class=\"aligncenter size-full wp-image-581849\" src=\"https:\/\/www.tunisienumerique.com\/wp-content\/uploads\/2020\/11\/labo-sac.jpg\" alt=\"\" width=\"480\" height=\"640\"\/><\/p>\n<p><img loading=\"lazy\" decoding=\"async\" class=\"aligncenter size-full wp-image-581851\" src=\"https:\/\/www.tunisienumerique.com\/wp-content\/uploads\/2020\/11\/labo-sac2.jpg\" alt=\"\" width=\"480\" height=\"640\"\/><\/p>\n<div class=\"swp_social_panel swp_horizontal_panel swp_flat_fresh swp_default_full_color swp_individual_full_color swp_other_full_color scale-100 scale-\" data-min-width=\"1100\" data-float-color=\"#ffffff\" data-float=\"bottom\" data-float-mobile=\"bottom\" data-transition=\"slide\">\n<div class=\"nc_tweetContainer swp_share_button total_shares total_sharesalt\"><span class=\"swp_count\">11 <span class=\"swp_label\">Partages<\/span><\/span><\/div>\n<\/div>\n<p><strong>Que se passe-t-il en Tunisie?<\/strong><br \/>Nous expliquons sur notre <a href=\"https:\/\/www.youtube.com\/channel\/UCRzypVq0B_yBad5eGrwBx0Q?sub_confirmation=1\" target=\"_blank\" rel=\"noopener noreferrer\">cha\u00eene YouTube<\/a> . <a href=\"https:\/\/www.youtube.com\/channel\/UCRzypVq0B_yBad5eGrwBx0Q?sub_confirmation=1\" target=\"_blank\" rel=\"noopener noreferrer\">Abonnez-vous!<\/a><\/p>\n<div class=\"mvp-org-wrap mvp-org-logo\" itemprop=\"publisher\" itemscope=\"\" itemtype=\"https:\/\/schema.org\/Organization\"><img decoding=\"async\" src=\"https:\/\/www.tunisienumerique.com\/wp-content\/uploads\/2017\/02\/logo_tunisie_numerique.png\"\/><\/div>\n<div class=\"mvp-related-posts left relative\">\n<h4 class=\"post-header\"><span class=\"post-header\">Lire aussi<\/span><\/h4>\n<\/div>\n<div id=\"article-ad\"><ins class=\"adsbygoogle c5\" data-ad-client=\"ca-pub-2102118777505746\" data-ad-slot=\"6513972734\" data-ad-format=\"auto\" data-full-width-responsive=\"true\"\/> <\/div>\n<\/div>\n<div id=\"post-sidebar-wrap\"><ins class=\"adsbygoogle c5\" data-ad-client=\"ca-pub-2102118777505746\" data-ad-slot=\"6168283410\" data-ad-format=\"auto\" data-full-width-responsive=\"true\"\/> <\/div>\n<p>Auteur: LM<br \/>\n<a href=\"https:\/\/www.tunisienumerique.com\/tunisie-images-un-laboratoire-danalyses-biologiques-hors-la-loi\/\">Cliquez ici pour lire l&rsquo;article depuis sa source.<\/a><\/p>\n","protected":false},"excerpt":{"rendered":"<p>Par LM \u00a0| Il y a 1 heure \ud83d\udd0a \u00c9coutez l&rsquo;article Un laboratoire d\u2019analyses biologiques, ayant pignon sur rue dans la banlieue nord de Tunis et qui est, de surcroit, install\u00e9 au sein d\u2019un immeuble d\u00e9di\u00e9 aux consultations de m\u00e9decins, de toutes sp\u00e9cialit\u00e9s, n\u2019a aucune scrupule \u00e0 mettre la vie des citoyens en p\u00e9ril. La [&hellip;]<\/p>\n","protected":false},"author":1789,"featured_media":0,"comment_status":"closed","ping_status":"closed","sticky":false,"template":"","format":"standard","meta":{"fifu_image_url":"","fifu_image_alt":"","footnotes":""},"categories":[73,55],"tags":[],"class_list":["post-104432","post","type-post","status-publish","format-standard","hentry","category-actualite","category-tunisie"],"_links":{"self":[{"href":"https:\/\/linitiative.ca\/International\/wp-json\/wp\/v2\/posts\/104432","targetHints":{"allow":["GET"]}}],"collection":[{"href":"https:\/\/linitiative.ca\/International\/wp-json\/wp\/v2\/posts"}],"about":[{"href":"https:\/\/linitiative.ca\/International\/wp-json\/wp\/v2\/types\/post"}],"author":[{"embeddable":true,"href":"https:\/\/linitiative.ca\/International\/wp-json\/wp\/v2\/users\/1789"}],"replies":[{"embeddable":true,"href":"https:\/\/linitiative.ca\/International\/wp-json\/wp\/v2\/comments?post=104432"}],"version-history":[{"count":0,"href":"https:\/\/linitiative.ca\/International\/wp-json\/wp\/v2\/posts\/104432\/revisions"}],"wp:attachment":[{"href":"https:\/\/linitiative.ca\/International\/wp-json\/wp\/v2\/media?parent=104432"}],"wp:term":[{"taxonomy":"category","embeddable":true,"href":"https:\/\/linitiative.ca\/International\/wp-json\/wp\/v2\/categories?post=104432"},{"taxonomy":"post_tag","embeddable":true,"href":"https:\/\/linitiative.ca\/International\/wp-json\/wp\/v2\/tags?post=104432"}],"curies":[{"name":"wp","href":"https:\/\/api.w.org\/{rel}","templated":true}]}}