{"id":104437,"date":"2020-11-11T15:59:11","date_gmt":"2020-11-11T20:59:11","guid":{"rendered":"https:\/\/linitiative.ca\/International\/trois-generations-de-candidats-en-lice\/"},"modified":"2020-11-11T15:59:11","modified_gmt":"2020-11-11T20:59:11","slug":"trois-generations-de-candidats-en-lice","status":"publish","type":"post","link":"https:\/\/linitiative.ca\/International\/trois-generations-de-candidats-en-lice\/","title":{"rendered":"Trois g\u00e9n\u00e9rations de candidats en lice"},"content":{"rendered":"<div class=\"td-post-featured-image\"><a href=\"https:\/\/www.sidwaya.info\/wp-content\/uploads\/2020\/11\/1-41.jpg\" data-caption=\"\"><img loading=\"lazy\" decoding=\"async\" width=\"489\" height=\"295\" class=\"entry-thumb td-modal-image\" src=\"https:\/\/www.sidwaya.info\/wp-content\/uploads\/2020\/11\/1-41.jpg\" srcset=\"https:\/\/www.sidwaya.info\/wp-content\/uploads\/2020\/11\/1-41.jpg 489w, https:\/\/www.sidwaya.info\/wp-content\/uploads\/2020\/11\/1-41-300x181.jpg 300w\" sizes=\"auto, (max-width: 489px) 100vw, 489px\" alt=\"\" title=\"1\"\/><\/a><\/div>\n<p>Le Burkina Faso est en pleine campagne \u00e9lectorale pour le choix de son pr\u00e9sident et de ses \u00e9lus nationaux. D\u00e9but\u00e9e depuis le 31 octobre, cette comp\u00e9tition se d\u00e9roule dans une relative accalmie, pas d\u2019attaques frontales en dehors de certaines piques sur les projets. Sur les treize candidats, se laisse voir une conjonction de trois g\u00e9n\u00e9rations politiques. Il y a ceux qui, \u00e0 leur temps, constituaient bien cette rupture g\u00e9n\u00e9rationnelle, qui s\u2019est impos\u00e9e soit par les armes ou par les urnes dans les ann\u00e9es 1980 (CNR). Il y a le groupe des candidats qui ont fait leur bapt\u00eame de feu politique dans les ann\u00e9es 1990. Si \u00e0 l\u2019\u00e9poque, ils regardaient faire, aujourd\u2019hui, ils se sentent capables de faire aussi. Il y a la g\u00e9n\u00e9ration politique de 2000. Ils ont vu, ont regard\u00e9 et se sentent l\u2019\u00e2me d\u2019\u00eatre l\u00e0 puisqu\u2019ils ont \u00e9t\u00e9, \u00e0 majorit\u00e9 ceux qui ont fait la deuxi\u00e8me insurrection.<\/p>\n<p>Tout ce cocktail r\u00e9uni fait la classe des possibilit\u00e9s qui sillonnent le pays pour solliciter la voix populaire en qu\u00eate d\u2019une l\u00e9gitimit\u00e9 pour diriger le Burkina Faso. Ce qui est assez particulier, c\u2019est que ce m\u00e9lange g\u00e9n\u00e9rationnel cr\u00e9e plut\u00f4t une symbiose. Preuve qu\u2019aux \u00e2mes bien n\u00e9es, la valeur n\u2018attend point le nombre des ann\u00e9es. Mais aussi que quelle que soit la g\u00e9n\u00e9ration, il y a certainement eu un abreuvoir digne qui a su inoculer le virus de la patrie \u00e0 tous ces hommes et \u00e0 cette dame qui estiment qu\u2019ils peuvent apporter leur contribution \u00e0 la construction de la patrie. Aux exp\u00e9riences av\u00e9r\u00e9es des uns et des autres, se rencontre la d\u00e9termination de tous dans une ambiance \u00e0 la fois surprenante par des propositions, et quelquefois hilarantes par les n\u00e9ologismes qui fusent comme dans une salle de classe. Apr\u00e8s tout, la campagne n\u2019est-elle pas une ar\u00e8ne o\u00f9 chacun fait son show dans l\u2019espoir d\u2019avoir plus de soutien, plut\u00f4t de voix ! Convaincu, chacun, que le Burkina n\u2019a pas forc\u00e9ment besoin de plus d\u2019une voie pour se construire.<\/p>\n<p>C\u2019est bien une autre paire de manches. En tout cas, l\u2019aventure est porteuse d\u2019espoir, dans un contexte o\u00f9 en Afrique voter rime bien avec \u00f4ter. Voir ce qui se d\u00e9roule au Burkina, ceux qui ont eu l\u2019ing\u00e9nieuse id\u00e9e de d\u00e9signer ce pays comme le pays des Hommes int\u00e8gres ont vu juste. Non pas pour dire, un pays de vertueux absolus, mais qu\u2019aucun Burkinab\u00e8 ne souhaite \u00eatre la cause ou la source de malheurs qui mettent le pays sur le chantier de la destruction. Du reste, notre histoire contemporaine est assez illustrative. Le Burkina est le seul pays qui, dans les ann\u00e9es de fournaise des partis uniques, a envoy\u00e9 son pr\u00e9sident en ballotage en 1978. Le g\u00e9n\u00e9ral Aboubacar Sangoul\u00e9 Lamizana face \u00e0 un \u00ab inconnu \u00bb, Macaire Ou\u00e9draogo. Qui plus est, l\u00e0 aussi c\u2019est bien une marque burkinab\u00e8 qui a connu deux insurrections (1966, et 2014) o\u00f9 deux pr\u00e9sidents en exercice, Maurice Yam\u00e9ogo et Blaise Compaor\u00e9, ont pr\u00e9f\u00e9r\u00e9 \u00ab quitter \u00bb pour \u00e9viter un bain de sang. Cet h\u00e9ritage patriotique, nationaliste est certainement le br\u00e9viaire sur la table des candidats \u00e0 la pr\u00e9sidentielle au pays des Hommes int\u00e8gres. Fasse alors que les lendemains du 22 novembre 2020, le pays continue dans ce d\u00e9cor de coh\u00e9sion et de paix.<\/p>\n<p class=\"c1\"><strong>Jean Philippe TOUGOUMA<\/strong><\/p>\n<div class=\"td-a-rec td-a-rec-id-content_bottom tdi_30_15c td_block_template_1\"><img loading=\"lazy\" decoding=\"async\" class=\"aligncenter size-full wp-image-27454\" src=\"https:\/\/www.sidwaya.info\/wp-content\/uploads\/2020\/10\/PUB-Bandeau-paiement-mobile-siteweb.jpg\" alt=\"\" width=\"728\" height=\"90\"\/><\/div>\n<p>Auteur: BM. Sidwaya<br \/>\n<a href=\"https:\/\/www.sidwaya.info\/blog\/2020\/11\/11\/trois-generations-de-candidats-en-lice\/\">Cliquez ici pour lire l&rsquo;article depuis sa source.<\/a><\/p>\n","protected":false},"excerpt":{"rendered":"<p>Le Burkina Faso est en pleine campagne \u00e9lectorale pour le choix de son pr\u00e9sident et de ses \u00e9lus nationaux. D\u00e9but\u00e9e depuis le 31 octobre, cette comp\u00e9tition se d\u00e9roule dans une relative accalmie, pas d\u2019attaques frontales en dehors de certaines piques sur les projets. Sur les treize candidats, se laisse voir une conjonction de trois g\u00e9n\u00e9rations [&hellip;]<\/p>\n","protected":false},"author":1816,"featured_media":104438,"comment_status":"closed","ping_status":"closed","sticky":false,"template":"","format":"standard","meta":{"fifu_image_url":"","fifu_image_alt":"","footnotes":""},"categories":[73,81],"tags":[],"class_list":["post-104437","post","type-post","status-publish","format-standard","has-post-thumbnail","hentry","category-actualite","category-burkina-faso"],"_links":{"self":[{"href":"https:\/\/linitiative.ca\/International\/wp-json\/wp\/v2\/posts\/104437","targetHints":{"allow":["GET"]}}],"collection":[{"href":"https:\/\/linitiative.ca\/International\/wp-json\/wp\/v2\/posts"}],"about":[{"href":"https:\/\/linitiative.ca\/International\/wp-json\/wp\/v2\/types\/post"}],"author":[{"embeddable":true,"href":"https:\/\/linitiative.ca\/International\/wp-json\/wp\/v2\/users\/1816"}],"replies":[{"embeddable":true,"href":"https:\/\/linitiative.ca\/International\/wp-json\/wp\/v2\/comments?post=104437"}],"version-history":[{"count":0,"href":"https:\/\/linitiative.ca\/International\/wp-json\/wp\/v2\/posts\/104437\/revisions"}],"wp:featuredmedia":[{"embeddable":true,"href":"https:\/\/linitiative.ca\/International\/wp-json\/"}],"wp:attachment":[{"href":"https:\/\/linitiative.ca\/International\/wp-json\/wp\/v2\/media?parent=104437"}],"wp:term":[{"taxonomy":"category","embeddable":true,"href":"https:\/\/linitiative.ca\/International\/wp-json\/wp\/v2\/categories?post=104437"},{"taxonomy":"post_tag","embeddable":true,"href":"https:\/\/linitiative.ca\/International\/wp-json\/wp\/v2\/tags?post=104437"}],"curies":[{"name":"wp","href":"https:\/\/api.w.org\/{rel}","templated":true}]}}