{"id":104444,"date":"2020-11-11T15:33:53","date_gmt":"2020-11-11T20:33:53","guid":{"rendered":"https:\/\/linitiative.ca\/International\/face-a-la-falsification-des-tests-de-coronavirus-le-cameroun-a-decide-de-tester-tout-entrant-aux-aeroports\/"},"modified":"2020-11-11T15:33:53","modified_gmt":"2020-11-11T20:33:53","slug":"face-a-la-falsification-des-tests-de-coronavirus-le-cameroun-a-decide-de-tester-tout-entrant-aux-aeroports","status":"publish","type":"post","link":"https:\/\/linitiative.ca\/International\/face-a-la-falsification-des-tests-de-coronavirus-le-cameroun-a-decide-de-tester-tout-entrant-aux-aeroports\/","title":{"rendered":"Face \u00e0 la falsification des tests de coronavirus, le Cameroun a d\u00e9cid\u00e9 de tester tout entrant aux a\u00e9roports"},"content":{"rendered":"<div readability=\"32\">\n<p>Publi\u00e9 le 11.11.2020 \u00e0 21h33 par JournalduCameroun.com<\/p>\n<\/div>\n<div readability=\"52.906091370558\">\n<h2>Disposition prise par le minist\u00e8re de la Sant\u00e9 publique et rappel\u00e9e par Manaouda Malachie le 11 novembre<\/h2>\n<p>Tous les voyageurs arrivant aux Cameroun par voie a\u00e9rienne seront soumis \u00e0 un test de <strong>Covid-19<\/strong> m\u00eame si ce dernier a \u00e9t\u00e9 effectu\u00e9 au d\u00e9part, a indiqu\u00e9 mercredi soir le ministre de la Sant\u00e9 publique (<strong>Minsant\u00e9<\/strong>) sur la t\u00e9l\u00e9vision publique nationale.<\/p>\n<p>Cette mesure vise \u00e0 limiter la propagation du Coronavirus au Cameroun pr\u00e8s de neuf mois apr\u00e8s l\u2019apparition du premier cas officiel dans le pays; et surtout \u00e0 pr\u00e9venir les cas de falsification des r\u00e9sultats des tests au d\u00e9part de certains pays, a expliqu\u00e9 <strong>Manaouda Malachie.<\/strong><\/p>\n<p>En France pour illustration, en fin de semaine derni\u00e8re, un r\u00e9seau de trafic de faux certificats de tests n\u00e9gatifs a \u00e9t\u00e9 d\u00e9mantel\u00e9 <a href=\"https:\/\/www.leparisien.fr\/faits-divers\/coronavirus-un-trafic-de-faux-certificats-de-tests-negatifs-demantele-a-roissy-06-11-2020-8406929.php\">\u00e0 l\u2019a\u00e9roport\u00a0de Roissy-Charles-de-Gaulle<\/a>.<\/p>\n<p>Depuis la notification d\u2019un premier cas officiel de Covid-19 au Cameroun le 06 mars, les pays recense globalement \u00e0 ce jour 22 548 cas de contamination, parmi lesquels 21 644 cas de r\u00e9mission (gu\u00e9rison), 471 cas actifs et 433 d\u00e9c\u00e8s. Le nombre de personnes hospitalis\u00e9es s\u2019\u00e9l\u00e8ve \u00e0 31, dont 4 sous oxyg\u00e8ne, a pr\u00e9cis\u00e9 le Minsant\u00e9.<\/p>\n<\/div>\n<p>Auteur: JournalduCameroun.com<br \/>\n<a href=\"https:\/\/www.journalducameroun.com\/face-falsific-tests-coronavirus-cmr-a-decide-test-tout-entrant-aeroports\/\">Cliquez ici pour lire l&rsquo;article depuis sa source.<\/a><\/p>\n","protected":false},"excerpt":{"rendered":"<p>Publi\u00e9 le 11.11.2020 \u00e0 21h33 par JournalduCameroun.com Disposition prise par le minist\u00e8re de la Sant\u00e9 publique et rappel\u00e9e par Manaouda Malachie le 11 novembre Tous les voyageurs arrivant aux Cameroun par voie a\u00e9rienne seront soumis \u00e0 un test de Covid-19 m\u00eame si ce dernier a \u00e9t\u00e9 effectu\u00e9 au d\u00e9part, a indiqu\u00e9 mercredi soir le ministre [&hellip;]<\/p>\n","protected":false},"author":1965,"featured_media":0,"comment_status":"closed","ping_status":"closed","sticky":false,"template":"","format":"standard","meta":{"fifu_image_url":"","fifu_image_alt":"","footnotes":""},"categories":[73,82],"tags":[],"class_list":["post-104444","post","type-post","status-publish","format-standard","hentry","category-actualite","category-cameroun"],"_links":{"self":[{"href":"https:\/\/linitiative.ca\/International\/wp-json\/wp\/v2\/posts\/104444","targetHints":{"allow":["GET"]}}],"collection":[{"href":"https:\/\/linitiative.ca\/International\/wp-json\/wp\/v2\/posts"}],"about":[{"href":"https:\/\/linitiative.ca\/International\/wp-json\/wp\/v2\/types\/post"}],"author":[{"embeddable":true,"href":"https:\/\/linitiative.ca\/International\/wp-json\/wp\/v2\/users\/1965"}],"replies":[{"embeddable":true,"href":"https:\/\/linitiative.ca\/International\/wp-json\/wp\/v2\/comments?post=104444"}],"version-history":[{"count":0,"href":"https:\/\/linitiative.ca\/International\/wp-json\/wp\/v2\/posts\/104444\/revisions"}],"wp:attachment":[{"href":"https:\/\/linitiative.ca\/International\/wp-json\/wp\/v2\/media?parent=104444"}],"wp:term":[{"taxonomy":"category","embeddable":true,"href":"https:\/\/linitiative.ca\/International\/wp-json\/wp\/v2\/categories?post=104444"},{"taxonomy":"post_tag","embeddable":true,"href":"https:\/\/linitiative.ca\/International\/wp-json\/wp\/v2\/tags?post=104444"}],"curies":[{"name":"wp","href":"https:\/\/api.w.org\/{rel}","templated":true}]}}