{"id":104445,"date":"2020-11-11T16:18:02","date_gmt":"2020-11-11T21:18:02","guid":{"rendered":"https:\/\/linitiative.ca\/International\/baisse-des-marches-publics-attribues-de-gre-a-gre-en-cote-divoire-officiel\/"},"modified":"2020-11-11T16:18:02","modified_gmt":"2020-11-11T21:18:02","slug":"baisse-des-marches-publics-attribues-de-gre-a-gre-en-cote-divoire-officiel","status":"publish","type":"post","link":"https:\/\/linitiative.ca\/International\/baisse-des-marches-publics-attribues-de-gre-a-gre-en-cote-divoire-officiel\/","title":{"rendered":"Baisse des march\u00e9s publics attribu\u00e9s de gr\u00e9 \u00e0 gr\u00e9 en C\u00f4te d\u2019Ivoire (Officiel)"},"content":{"rendered":"<div readability=\"32\">\n<p>Publi\u00e9 le 11.11.2020 \u00e0 22h18 par APA News<\/p>\n<\/div>\n<div readability=\"81\">\n<p>Les proc\u00e9dures non concurrentielles d\u2019attribution des march\u00e9s publics dont les march\u00e9s de gr\u00e9 \u00e0 gr\u00e9 sont en baisse en C\u00f4te d\u2019Ivoire, a appris APA mercredi de source officielle dans la capitale \u00e9conomique ivoirienne.\u00ab (\u2026) Les proc\u00e9dures non concurrentielles (d\u2019attribution des march\u00e9s publics) dont les march\u00e9s de gr\u00e9 \u00e0 gr\u00e9, elles repr\u00e9sentent 21,2% du montant des march\u00e9s approuv\u00e9s \u00e0 fin juin 2020 contre 25,1% \u00e0 fin juin 2019, soit une baisse de 3,9 points\u00bb, \u00a0a dit \u00e0 la presse, Sidi Ti\u00e9moko Tour\u00e9, le porte-parole du gouvernement ivoirien \u00e0 l\u2019issue d\u2019un Conseil des ministres \u00a0pr\u00e9sid\u00e9 par le chef de l\u2019\u00c9tat Alassane Ouattara.<\/p>\n<p>Quant aux proc\u00e9dures concurrentielles regroupant les appels d\u2019offres ouverts et les appels d\u2019offres restreints, a ajout\u00e9 \u00a0M. Tour\u00e9, \u00a0elles font 77,4% du montant des march\u00e9s approuv\u00e9s \u00e0 fin juin 2020 contre 72,5% \u00e0 fin juin 2019, soit une hausse de 4,9 points.<\/p>\n<p>\u00a0\u00ab Le montant des march\u00e9s approuv\u00e9s \u00e0 fin juin 2020 s\u2019\u00e9l\u00e8ve \u00e0 594,5 milliards FCFA contre 553,5 milliards FCFA \u00e0 fin juin 2019, soit une hausse de 7,4%. En nombre, 1570 march\u00e9s ont \u00e9t\u00e9 approuv\u00e9s au deuxi\u00e8me trimestre 2020 contre 1726 \u00e0 la m\u00eame p\u00e9riode en 2019, soit une baisse de 9%\u00bb, a fait savoir auparavant Sidi Ti\u00e9moko Tour\u00e9 qui est par ailleurs, le ministre de la Communication et des m\u00e9dias. \u00a0<\/p>\n<p>Poursuivant, il s\u2019est f\u00e9licit\u00e9 de la baisse du d\u00e9lai moyen de passation des march\u00e9s publics en C\u00f4te d\u2019Ivoire qui est pass\u00e9 de 101,5 jours \u00e0 fin juin 2019 \u00e0 93,6 jours \u00e0 fin juin 2020, soit une baisse de 7,9 jours. Il a conclu en faisant noter \u00e9galement que la part des march\u00e9s publics attribu\u00e9s aux Petites et moyennes entreprises (PME) est pass\u00e9e de 31,2% \u00e0 fin juin 2019 \u00e0 41,8% \u00e0 fin juin 2020, soit une hausse de 10,6 points.<\/p>\n<\/div>\n<p>Auteur: APA News<br \/>\n<a href=\"https:\/\/www.journalducameroun.com\/baisse-des-marches-publics-attribues-de-gre-a-gre-en-cote-divoire-officiel\/\">Cliquez ici pour lire l&rsquo;article depuis sa source.<\/a><\/p>\n","protected":false},"excerpt":{"rendered":"<p>Publi\u00e9 le 11.11.2020 \u00e0 22h18 par APA News Les proc\u00e9dures non concurrentielles d\u2019attribution des march\u00e9s publics dont les march\u00e9s de gr\u00e9 \u00e0 gr\u00e9 sont en baisse en C\u00f4te d\u2019Ivoire, a appris APA mercredi de source officielle dans la capitale \u00e9conomique ivoirienne.\u00ab (\u2026) Les proc\u00e9dures non concurrentielles (d\u2019attribution des march\u00e9s publics) dont les march\u00e9s de gr\u00e9 [&hellip;]<\/p>\n","protected":false},"author":1965,"featured_media":0,"comment_status":"closed","ping_status":"closed","sticky":false,"template":"","format":"standard","meta":{"fifu_image_url":"","fifu_image_alt":"","footnotes":""},"categories":[73,82],"tags":[],"class_list":["post-104445","post","type-post","status-publish","format-standard","hentry","category-actualite","category-cameroun"],"_links":{"self":[{"href":"https:\/\/linitiative.ca\/International\/wp-json\/wp\/v2\/posts\/104445","targetHints":{"allow":["GET"]}}],"collection":[{"href":"https:\/\/linitiative.ca\/International\/wp-json\/wp\/v2\/posts"}],"about":[{"href":"https:\/\/linitiative.ca\/International\/wp-json\/wp\/v2\/types\/post"}],"author":[{"embeddable":true,"href":"https:\/\/linitiative.ca\/International\/wp-json\/wp\/v2\/users\/1965"}],"replies":[{"embeddable":true,"href":"https:\/\/linitiative.ca\/International\/wp-json\/wp\/v2\/comments?post=104445"}],"version-history":[{"count":0,"href":"https:\/\/linitiative.ca\/International\/wp-json\/wp\/v2\/posts\/104445\/revisions"}],"wp:attachment":[{"href":"https:\/\/linitiative.ca\/International\/wp-json\/wp\/v2\/media?parent=104445"}],"wp:term":[{"taxonomy":"category","embeddable":true,"href":"https:\/\/linitiative.ca\/International\/wp-json\/wp\/v2\/categories?post=104445"},{"taxonomy":"post_tag","embeddable":true,"href":"https:\/\/linitiative.ca\/International\/wp-json\/wp\/v2\/tags?post=104445"}],"curies":[{"name":"wp","href":"https:\/\/api.w.org\/{rel}","templated":true}]}}