{"id":104446,"date":"2020-11-11T16:18:05","date_gmt":"2020-11-11T21:18:05","guid":{"rendered":"https:\/\/linitiative.ca\/International\/cote-divoire-85-morts-et-484-blesses-dans-les-violences-electorales-officiel\/"},"modified":"2020-11-11T16:18:05","modified_gmt":"2020-11-11T21:18:05","slug":"cote-divoire-85-morts-et-484-blesses-dans-les-violences-electorales-officiel","status":"publish","type":"post","link":"https:\/\/linitiative.ca\/International\/cote-divoire-85-morts-et-484-blesses-dans-les-violences-electorales-officiel\/","title":{"rendered":"C\u00f4te d\u2019Ivoire: 85 morts et 484 bless\u00e9s dans les violences \u00e9lectorales (Officiel)"},"content":{"rendered":"<div readability=\"32\">\n<p>Publi\u00e9 le 11.11.2020 \u00e0 22h18 par APA News<\/p>\n<\/div>\n<div readability=\"75\">\n<p>Les violences \u00e9lectorales survenues dans plusieurs localit\u00e9s ivoiriennes depuis le 10 ao\u00fbt dernier ont fait 85 morts, 484 bless\u00e9s, 225 personnes interpell\u00e9es, 176 inculp\u00e9es et 45 plac\u00e9es sous mandat de d\u00e9p\u00f4t, selon le bilan dress\u00e9 mercredi \u00e0 Abidjan par Sidi Ti\u00e9moko Tour\u00e9, le porte-parole du gouvernement ivoirien au terme d\u2019un Conseil des ministres pr\u00e9sid\u00e9 par le pr\u00e9sident Alassane Ouattara.\u00ab Le bilan que nous tirons avec compassion et regret fait \u00e9tat de 85 morts dont 34 avant l\u2019\u00e9lection pr\u00e9sidentielle, 20 pendant l\u2019\u00e9lection et 31 personnes d\u00e9c\u00e9d\u00e9es apr\u00e8s les \u00e9lections. Vous noterez aussi 484 bless\u00e9s dont certains \u00e9l\u00e9ments des forces de d\u00e9fense et de s\u00e9curit\u00e9\u00bb, a fait savoir M. Tour\u00e9 \u00e0 l\u2019issue de ce Conseil des ministres, le premier apr\u00e8s la r\u00e9\u00e9lection de M.Ouattara pour un nouveau mandat.<\/p>\n<p>Pour l\u2019essentiel, a-t-il ajout\u00e9, \u00ab les localit\u00e9s impact\u00e9es sont Dabou, \u00a0Divo, Daoukro, Yamoussoukro, Bongouanou et Toumodi. 225 personnes ont \u00e9t\u00e9 interpell\u00e9es, 176 inculp\u00e9es et 45 plac\u00e9es sous mandat de d\u00e9p\u00f4t \u00bb.<\/p>\n<p>Selon M. Tour\u00e9 qui est \u00e9galement le ministre de la Communication et des m\u00e9dias, ces manifestations \u00ab organis\u00e9es par certaines formations politiques de l\u2019opposition \u00bb avaient pour dessein de paralyser totalement le pays et \u00e9taient caract\u00e9ris\u00e9es par des violents affrontements intercommunautaires.<\/p>\n<p>Il a conclu en assurant que le gouvernement a pris des mesures pour contenir ces manifestations et r\u00e9tablir l\u2019ordre public.<\/p>\n<p>Depuis septembre dernier, l\u2019opposition ivoirienne a lanc\u00e9 un mot d\u2019ordre de d\u00e9sob\u00e9issance civile qui a conduit \u00e9galement \u00e0 sa non-participation \u00e0 l\u2019\u00e9lection pr\u00e9sidentielle du 31 octobre dernier.<\/p>\n<p>Ce scrutin pr\u00e9sidentiel qui a \u00e9t\u00e9 \u00e9maill\u00e9 par quelques incidents dans certaines localit\u00e9s ivoiriennes s\u2019est sold\u00e9 par la victoire du pr\u00e9sident sortant Alassane Ouattara avec 94,27% des voix contre pour 1,99% pour son adversaire, le candidat ind\u00e9pendant Kouadio Konan Bertin dit KKB.<\/p>\n<\/div>\n<p>Auteur: APA News<br \/>\n<a href=\"https:\/\/www.journalducameroun.com\/cote-divoire-85-morts-et-484-blesses-dans-les-violences-electorales-officiel\/\">Cliquez ici pour lire l&rsquo;article depuis sa source.<\/a><\/p>\n","protected":false},"excerpt":{"rendered":"<p>Publi\u00e9 le 11.11.2020 \u00e0 22h18 par APA News Les violences \u00e9lectorales survenues dans plusieurs localit\u00e9s ivoiriennes depuis le 10 ao\u00fbt dernier ont fait 85 morts, 484 bless\u00e9s, 225 personnes interpell\u00e9es, 176 inculp\u00e9es et 45 plac\u00e9es sous mandat de d\u00e9p\u00f4t, selon le bilan dress\u00e9 mercredi \u00e0 Abidjan par Sidi Ti\u00e9moko Tour\u00e9, le porte-parole du gouvernement ivoirien [&hellip;]<\/p>\n","protected":false},"author":1965,"featured_media":0,"comment_status":"closed","ping_status":"closed","sticky":false,"template":"","format":"standard","meta":{"fifu_image_url":"","fifu_image_alt":"","footnotes":""},"categories":[73,82],"tags":[],"class_list":["post-104446","post","type-post","status-publish","format-standard","hentry","category-actualite","category-cameroun"],"_links":{"self":[{"href":"https:\/\/linitiative.ca\/International\/wp-json\/wp\/v2\/posts\/104446","targetHints":{"allow":["GET"]}}],"collection":[{"href":"https:\/\/linitiative.ca\/International\/wp-json\/wp\/v2\/posts"}],"about":[{"href":"https:\/\/linitiative.ca\/International\/wp-json\/wp\/v2\/types\/post"}],"author":[{"embeddable":true,"href":"https:\/\/linitiative.ca\/International\/wp-json\/wp\/v2\/users\/1965"}],"replies":[{"embeddable":true,"href":"https:\/\/linitiative.ca\/International\/wp-json\/wp\/v2\/comments?post=104446"}],"version-history":[{"count":0,"href":"https:\/\/linitiative.ca\/International\/wp-json\/wp\/v2\/posts\/104446\/revisions"}],"wp:attachment":[{"href":"https:\/\/linitiative.ca\/International\/wp-json\/wp\/v2\/media?parent=104446"}],"wp:term":[{"taxonomy":"category","embeddable":true,"href":"https:\/\/linitiative.ca\/International\/wp-json\/wp\/v2\/categories?post=104446"},{"taxonomy":"post_tag","embeddable":true,"href":"https:\/\/linitiative.ca\/International\/wp-json\/wp\/v2\/tags?post=104446"}],"curies":[{"name":"wp","href":"https:\/\/api.w.org\/{rel}","templated":true}]}}