{"id":104447,"date":"2020-11-11T17:18:02","date_gmt":"2020-11-11T22:18:02","guid":{"rendered":"https:\/\/linitiative.ca\/International\/le-roi-mohammed-vi-adresse-un-message-de-condoleances-et-de-compassion-suite-au-deces-de-lancien-president-malien\/"},"modified":"2020-11-11T17:18:02","modified_gmt":"2020-11-11T22:18:02","slug":"le-roi-mohammed-vi-adresse-un-message-de-condoleances-et-de-compassion-suite-au-deces-de-lancien-president-malien","status":"publish","type":"post","link":"https:\/\/linitiative.ca\/International\/le-roi-mohammed-vi-adresse-un-message-de-condoleances-et-de-compassion-suite-au-deces-de-lancien-president-malien\/","title":{"rendered":"Le Roi Mohammed VI adresse un\u00a0message de condol\u00e9ances et de compassion suite au d\u00e9c\u00e8s de l\u2019ancien pr\u00e9sident malien"},"content":{"rendered":"<div readability=\"32\">\n<p>Publi\u00e9 le 11.11.2020 \u00e0 23h18 par APA News<\/p>\n<\/div>\n<div readability=\"60\">\n<p>Le Roi Mohammed VI a adress\u00e9 un\u00a0message de condol\u00e9ances et de compassion au pr\u00e9sident de transition de la R\u00e9publique du Mali, Bah N\u2019Daw, suite au d\u00e9c\u00e8s de l\u2019ancien pr\u00e9sident de la R\u00e9publique du Mali, Amadou Toumani Tour\u00e9.Dans ce message, le Roi affirme avoir appris avec \u00e9motion la nouvelle du d\u00e9c\u00e8s de l\u2019ancien pr\u00e9sident de la R\u00e9publique du Mali, Amadou Toumani Tour\u00e9.<\/p>\n<p>En cette douloureuse circonstance, le Souverain exprime au pr\u00e9sident N\u2019Daw, aux membres de la famille du d\u00e9funt et au peuple malien fr\u00e8re, ses sinc\u00e8res condol\u00e9ances et sa profonde compassion.\u00a0<\/p>\n<p>Le Roi rend \u00e9galement un hommage particulier au d\u00e9funt et \u00e0 son action soutenue au service des int\u00e9r\u00eats et du progr\u00e8s du Mali.<\/p>\n<p>L\u2019ancien pr\u00e9sident malien Amadou Toumani Tour\u00e9, renvers\u00e9 par un coup d\u2019\u00c9tat en 2012, est d\u00e9c\u00e9d\u00e9 dans la nuit de lundi \u00e0 mardi en Turquie, o\u00f9 il avait \u00e9t\u00e9 \u00e9vacu\u00e9 pour raisons sanitaires.<\/p>\n<p>L\u2019ex-pr\u00e9sident malien avait subi une op\u00e9ration du c\u0153ur \u00e0 Bamako avant d\u2019\u00eatre \u00e9vacu\u00e9 en Turquie.<\/p>\n<\/div>\n<p>Auteur: APA News<br \/>\n<a href=\"https:\/\/www.journalducameroun.com\/le-roi-mohammed-vi-adresse-un-message-de-condoleances-et-de-compassion-suite-au-deces-de-lancien-president-malien\/\">Cliquez ici pour lire l&rsquo;article depuis sa source.<\/a><\/p>\n","protected":false},"excerpt":{"rendered":"<p>Publi\u00e9 le 11.11.2020 \u00e0 23h18 par APA News Le Roi Mohammed VI a adress\u00e9 un\u00a0message de condol\u00e9ances et de compassion au pr\u00e9sident de transition de la R\u00e9publique du Mali, Bah N\u2019Daw, suite au d\u00e9c\u00e8s de l\u2019ancien pr\u00e9sident de la R\u00e9publique du Mali, Amadou Toumani Tour\u00e9.Dans ce message, le Roi affirme avoir appris avec \u00e9motion la [&hellip;]<\/p>\n","protected":false},"author":1965,"featured_media":0,"comment_status":"closed","ping_status":"closed","sticky":false,"template":"","format":"standard","meta":{"fifu_image_url":"","fifu_image_alt":"","footnotes":""},"categories":[73,82],"tags":[],"class_list":["post-104447","post","type-post","status-publish","format-standard","hentry","category-actualite","category-cameroun"],"_links":{"self":[{"href":"https:\/\/linitiative.ca\/International\/wp-json\/wp\/v2\/posts\/104447","targetHints":{"allow":["GET"]}}],"collection":[{"href":"https:\/\/linitiative.ca\/International\/wp-json\/wp\/v2\/posts"}],"about":[{"href":"https:\/\/linitiative.ca\/International\/wp-json\/wp\/v2\/types\/post"}],"author":[{"embeddable":true,"href":"https:\/\/linitiative.ca\/International\/wp-json\/wp\/v2\/users\/1965"}],"replies":[{"embeddable":true,"href":"https:\/\/linitiative.ca\/International\/wp-json\/wp\/v2\/comments?post=104447"}],"version-history":[{"count":0,"href":"https:\/\/linitiative.ca\/International\/wp-json\/wp\/v2\/posts\/104447\/revisions"}],"wp:attachment":[{"href":"https:\/\/linitiative.ca\/International\/wp-json\/wp\/v2\/media?parent=104447"}],"wp:term":[{"taxonomy":"category","embeddable":true,"href":"https:\/\/linitiative.ca\/International\/wp-json\/wp\/v2\/categories?post=104447"},{"taxonomy":"post_tag","embeddable":true,"href":"https:\/\/linitiative.ca\/International\/wp-json\/wp\/v2\/tags?post=104447"}],"curies":[{"name":"wp","href":"https:\/\/api.w.org\/{rel}","templated":true}]}}