{"id":104458,"date":"2020-11-12T09:00:55","date_gmt":"2020-11-12T14:00:55","guid":{"rendered":"https:\/\/linitiative.ca\/International\/a-partir-de-15-000-dh-par-an-abonnez-vous-au-nouveau-lexis-ma\/"},"modified":"2020-11-12T09:00:55","modified_gmt":"2020-11-12T14:00:55","slug":"a-partir-de-15-000-dh-par-an-abonnez-vous-au-nouveau-lexis-ma","status":"publish","type":"post","link":"https:\/\/linitiative.ca\/International\/a-partir-de-15-000-dh-par-an-abonnez-vous-au-nouveau-lexis-ma\/","title":{"rendered":"A partir de 15.000 DH par an,  abonnez-vous au nouveau Lexis MA"},"content":{"rendered":"<p><img decoding=\"async\" class=\"post_layout_5_img\" src=\"http:\/\/aujourdhui.ma\/wp-content\/uploads\/2020\/11\/Lexis-MA.jpg\" alt=\"A partir de 15.000 DH par an, abonnez-vous au nouveau Lexis MA\"\/><\/p>\n<p><span class=\"c5\"><strong>Le portail juridique remplace Lexis Maroc<\/strong><\/span><br \/><span id=\"more-360203\"\/><\/p>\n<p>D\u00e9sormais, Lexis Maroc s\u2019appelle Lexis MA. Ce portail juridique marocain, lanc\u00e9 lundi et pr\u00e9sent\u00e9 mardi lors d\u2019un webinaire, est d\u00e9j\u00e0 op\u00e9rationnel. \u00abIl met, \u00e0 la disposition des praticiens, des sources officielles et des contenus \u00e0 valeur ajout\u00e9e\u00bb, d\u00e9taille, lors de cet \u00e9v\u00e9nement en ligne, Souad El Kohen Sbata, directrice du comit\u00e9 \u00e9ditorial Lexis Ma.<\/p>\n<p>L\u2019objectif \u00e9tant, selon Guillaume Deroubaix, directeur g\u00e9n\u00e9ral LexisNexis MENA, d\u2019apporter aux lecteurs \u00abl\u2019information la plus pertinente, \u00e0 jour, fiable et s\u00fbre possible\u00bb. Il s\u2019agit, comme il l\u2019indique, d\u2019apporter \u00e9galement de \u00abla s\u00e9curit\u00e9 juridique aux clients qu\u2019ils soient entreprises ou d\u00e9cideurs\u00bb. L\u2019intervenant rappelle par l\u2019occasion que LexisNexis au Maroc est une \u00e9dition juridique qui publie des contenus \u00e0 forte valeur ajout\u00e9e consistant entre autres en lois et jurisprudence. Ils sont, selon ses dires, \u00abcomme des outils d\u2019aide \u00e0 la d\u00e9cision pour les juristes\u00bb. \u00abIls sont combin\u00e9s \u00e0 la data\u00bb, encha\u00eene-t-il \u00e0 propos de ces contenus h\u00e9berg\u00e9s dans cette plate-forme assez \u00abinnovante\u00bb.<\/p>\n<p>En lan\u00e7ant ce nouveau portail, en collaboration \u00e9galement avec Maroc Legal Advisor, LexisNexis, premier groupe mondial des legaltechs (information juridique, \u00e9conomique et financi\u00e8re), veut \u00abpromouvoir la primaut\u00e9 du droit en tant que catalyseur de progr\u00e8s personnel et \u00e9conomique\u00bb. \u00abLe projet se veut aussi d\u2019accompagner les professionnels du droit en transition digitale\u00bb, ajoute-t-il.<\/p>\n<p>LexisNexis a d\u2019autres partenaires, notamment Ikone Juris, son repr\u00e9sentant exclusif au Maroc, ainsi que le secr\u00e9tariat g\u00e9n\u00e9ral du gouvernement, la Remald, et les chambres des notaires de Rabat et F\u00e8s. \u00abD\u2019autres partenaires arriveront\u00bb, lance-t-il.<br \/>Cela \u00e9tant, ce portail, con\u00e7u \u00e9galement en partenariat avec le Cercle marocain des directions juridiques (CMDJ), comprend, selon Mme El Kohen, des revues juridiques. \u00abSon contenu de qualit\u00e9 et s\u00e9curis\u00e9 permettra un acc\u00e8s au plus grand nombre d\u2019\u00e9tudiants de droit\u00bb, explicite-t-elle. Quant au mod\u00e8le \u00e9conomique pour acc\u00e9der \u00e0 cette plate-forme qui ambitionne \u00e9galement d\u2019\u00eatre destin\u00e9e au droit africain, il est, selon M. Deroubaix, \u00abuniquement par abonnement\u00bb. Le prix d\u00e9pend, selon ses dires, de deux crit\u00e8res. Ainsi il varie selon le nombre d\u2019utilisateurs dans une structure et selon le secteur comme celui universitaire. \u00abLe prix de l\u2019abonnement est de 15.000 DH par an pour un utilisateur et c\u2019est progressif en fonction du nombre d\u2019utilisateurs\u00bb, pr\u00e9cise-t-il en estimant qu\u2019il est n\u00e9cessaire d\u2019acc\u00e9l\u00e9rer la diffusion de la jurisprudence. Le tout en rappelant que cette plate-forme est orient\u00e9e vers les droits d\u2019entreprises, des affaires, notarial et administratif. \u00abLe droit est un levier pour am\u00e9liorer le climat des affaires dans un pays\u00bb, commente-t-il.<\/p>\n<p>Auteur: Salima Guisser<br \/>\n<a href=\"https:\/\/aujourdhui.ma\/societe\/a-partir-de-15-000-dh-par-an-abonnez-vous-au-nouveau-lexis-ma\">Cliquez ici pour lire l&rsquo;article depuis sa source.<\/a><\/p>\n","protected":false},"excerpt":{"rendered":"<p>Le portail juridique remplace Lexis Maroc D\u00e9sormais, Lexis Maroc s\u2019appelle Lexis MA. Ce portail juridique marocain, lanc\u00e9 lundi et pr\u00e9sent\u00e9 mardi lors d\u2019un webinaire, est d\u00e9j\u00e0 op\u00e9rationnel. \u00abIl met, \u00e0 la disposition des praticiens, des sources officielles et des contenus \u00e0 valeur ajout\u00e9e\u00bb, d\u00e9taille, lors de cet \u00e9v\u00e9nement en ligne, Souad El Kohen Sbata, directrice [&hellip;]<\/p>\n","protected":false},"author":1759,"featured_media":104459,"comment_status":"closed","ping_status":"closed","sticky":false,"template":"","format":"standard","meta":{"fifu_image_url":"","fifu_image_alt":"","footnotes":""},"categories":[73,54],"tags":[],"class_list":["post-104458","post","type-post","status-publish","format-standard","has-post-thumbnail","hentry","category-actualite","category-maroc"],"_links":{"self":[{"href":"https:\/\/linitiative.ca\/International\/wp-json\/wp\/v2\/posts\/104458","targetHints":{"allow":["GET"]}}],"collection":[{"href":"https:\/\/linitiative.ca\/International\/wp-json\/wp\/v2\/posts"}],"about":[{"href":"https:\/\/linitiative.ca\/International\/wp-json\/wp\/v2\/types\/post"}],"author":[{"embeddable":true,"href":"https:\/\/linitiative.ca\/International\/wp-json\/wp\/v2\/users\/1759"}],"replies":[{"embeddable":true,"href":"https:\/\/linitiative.ca\/International\/wp-json\/wp\/v2\/comments?post=104458"}],"version-history":[{"count":0,"href":"https:\/\/linitiative.ca\/International\/wp-json\/wp\/v2\/posts\/104458\/revisions"}],"wp:featuredmedia":[{"embeddable":true,"href":"https:\/\/linitiative.ca\/International\/wp-json\/"}],"wp:attachment":[{"href":"https:\/\/linitiative.ca\/International\/wp-json\/wp\/v2\/media?parent=104458"}],"wp:term":[{"taxonomy":"category","embeddable":true,"href":"https:\/\/linitiative.ca\/International\/wp-json\/wp\/v2\/categories?post=104458"},{"taxonomy":"post_tag","embeddable":true,"href":"https:\/\/linitiative.ca\/International\/wp-json\/wp\/v2\/tags?post=104458"}],"curies":[{"name":"wp","href":"https:\/\/api.w.org\/{rel}","templated":true}]}}