{"id":104468,"date":"2020-11-12T09:14:37","date_gmt":"2020-11-12T14:14:37","guid":{"rendered":"https:\/\/linitiative.ca\/International\/la-radio-est-elle-atteinte-du-syndrome-des-vues\/"},"modified":"2020-11-12T09:14:37","modified_gmt":"2020-11-12T14:14:37","slug":"la-radio-est-elle-atteinte-du-syndrome-des-vues","status":"publish","type":"post","link":"https:\/\/linitiative.ca\/International\/la-radio-est-elle-atteinte-du-syndrome-des-vues\/","title":{"rendered":"La Radio est-elle atteinte du \u201csyndrome des vues\u201d ?"},"content":{"rendered":"<p class=\"c2\"><strong>Par : Anouar Afajdar<\/strong><\/p>\n<p class=\"has-text-color c3\"><strong>Tout le monde attendait le d\u00e9but de la diffusion. Elle \u00e9tait connue par la c\u00e9l\u00e8bre phrase \u201cAu signal, il sera (telle heure)\u201d, suivie d\u2019une fameuse musique et puis \u201cIci Rabat, la Radio du Royaume du Maroc\u201d. Que devient la Radio ? S\u2019est-elle d\u00e9faite de son ADN vocal \u00e0 la recherche des vues et d\u2019une audience plus large ? Est-elle, apr\u00e8s la musique, atteinte du \u201csyndrome des vues\u201d ?<\/strong><\/p>\n<p>Pour les amoureux de langues et de musiques soutenues, la Radio constituait le lieu de rencontre et le th\u00e9\u00e2tre incontournable d\u2019informations. Chacun avait son journaliste de pr\u00e9dilection qu\u2019il aime entendre chaque jour. A force, il le reconna\u00eet par c\u0153ur, seulement, \u00e0 travers sa voix. Une mani\u00e8re particuli\u00e8re de prononcer peut, toutefois, lui faciliter la t\u00e2che ! Et le reste\u2026 Myst\u00e8re.<\/p>\n<p>Personne n\u2019avait la moindre id\u00e9e de ce qui se passait lors de la diffusion. Qui sont les visages qui se cachent derri\u00e8re ses belles cordes vocales ? Comment sont-ils assis ? Que portent-ils ? Aucune id\u00e9e.<\/p>\n<p>En termes de linguistique, il n\u2019y avait que le verbal et le para-verbal qui comptaient. Le non-verbal, personne n\u2019en savait rien.<\/p>\n<p>Dans ce sens, le professeur de Linguistique et de S\u00e9miotique \u00e0 la Facult\u00e9 des Lettres et des Sciences humaines de Mekn\u00e8s, M. Anwar Benmsila, a qualifi\u00e9 la Radio de \u201cfondamentalement auditive\u201d et la voix de \u201cc\u2019est ce qu\u2019il y a de profond chez l\u2019\u00eatre humain\u201d.<\/p>\n<p>\u201cOr, explique-t-il \u00e0 la MAP, l\u2019image alt\u00e8re la sp\u00e9cificit\u00e9 de la Radio, et en diminue la profondeur et le myst\u00e8re propre\u201d.<\/p>\n<p>Sans oublier l\u2019importance de l\u2019image et du Net, d\u2019o\u00f9 l\u2019ouverture de la Radio \u00e0 ces deux dimensions, l\u2019universitaire s\u2019est ensuite pos\u00e9 la question quant \u00e0 sa capacit\u00e9 \u00e0 s\u2019ouvrir en proposant d\u2019autres \u00e9l\u00e9ments visuels \u00e0 part les visages.<\/p>\n<p>En tous cas, pas de nos jours, o\u00f9 ce m\u00e9dia lin\u00e9aire a carr\u00e9ment chang\u00e9 de dimension, au point que certains l\u2019appellent d\u00e9sormais \u201cRadio t\u00e9l\u00e9vis\u00e9e\u201d.<\/p>\n<p>Ainsi, pratiquement, tous les animateurs et pr\u00e9sentateurs ont opt\u00e9 pour cette nouvelle mode. Chacun son style, chacun ses th\u00e9matiques, mais tout le monde les conna\u00eet. Ce qu\u2019ils font et comment le font-ils n\u2019a d\u00e9sormais rien de myst\u00e9rieux. Et parfois, si ce n\u2019est dans la plupart des cas, ils sont \u201cvus\u201d plus que ceux qui font de la t\u00e9l\u00e9vision. C\u2019est le secret d\u2019Internet et des r\u00e9seaux sociaux.<\/p>\n<p>Toutefois, certaines Radios se sont m\u00eame lanc\u00e9es dans des projets de Web TV ou carr\u00e9ment transform\u00e9es en cha\u00eenes de t\u00e9l\u00e9vision par satellite. Dans ce domaine, les exemples sont tr\u00e8s nombreux.<\/p>\n<p>Des \u00e9missions destin\u00e9es aux jeunes, d\u2019autres aux moins jeunes, des d\u00e9bats, des chroniques et m\u00eame des JT, la Radio touche d\u00e9sormais \u00e0 tous les domaines et elle le fait bien \u00e0 sa mani\u00e8re. Un d\u00e9cor bien mis en place, des sujets puis\u00e9s dans le quotidien des internautes et, parfois, des invit\u00e9s pol\u00e9miques. En des termes plus en vogue: qui font le buzz !<\/p>\n<p>Donnent-ils \u00e0 ceux qui n\u2019avaient pas le temps de suivre une \u00e9mission pendant sa diffusion en direct sur la Radio ou aux \u201cprocrastinateurs radiophoniques\u201d, la chance de se rattraper ? Bien effectivement. Mais personne ne peut nier que l\u2019objectif ultime est la recherche d\u2019une audience plus large et des \u201cviews\u201d. Et c\u2019est bien l\u00e9gitime.<\/p>\n<p>C\u2019est bel et bien l\u2019avis de l\u2019animateur, Imad Kotbi qui affirme que la Radio film\u00e9e permet d\u2019avoir de l\u2019audience suppl\u00e9mentaire.<\/p>\n<p>\u201cOn a vocation \u00e0 aller chercher nos auditeurs et les internautes sur leurs territoires de consommation et ceux qui ne le font pas se condamnent \u00e0 dispara\u00eetre\u201d, a-t-il lanc\u00e9.<\/p>\n<p>L\u2019animateur de l\u2019\u00e9mission, \u201cThe Kotbi Tonight\u201d a indiqu\u00e9 \u00e9galement que cette nouvelle mode permet de revivre des \u00e9missions en vid\u00e9o gr\u00e2ce notamment aux podcasts.<\/p>\n<p>Alors que la radio film\u00e9e faisait et continue de faire un peu pol\u00e9mique, ses d\u00e9tracteurs refusant de voir le vocal se transformer en audiovisuel, le recours \u00e0 ce mode de diffusion est maintenant entr\u00e9 dans les m\u0153urs m\u00e9diatiques, gr\u00e2ce aux r\u00e9seaux sociaux. Et si un jour, une t\u00e9l\u00e9vision sans image voyait le jour?<\/p>\n<p>Auteur: M&rsquo;hammed rahal<br \/>\n<a href=\"http:\/\/albayane.press.ma\/la-radio-est-elle-atteinte-du-syndrome-des-vues.html\">Cliquez ici pour lire l&rsquo;article depuis sa source.<\/a><\/p>\n","protected":false},"excerpt":{"rendered":"<p>Par : Anouar Afajdar Tout le monde attendait le d\u00e9but de la diffusion. Elle \u00e9tait connue par la c\u00e9l\u00e8bre phrase \u201cAu signal, il sera (telle heure)\u201d, suivie d\u2019une fameuse musique et puis \u201cIci Rabat, la Radio du Royaume du Maroc\u201d. Que devient la Radio ? S\u2019est-elle d\u00e9faite de son ADN vocal \u00e0 la recherche des [&hellip;]<\/p>\n","protected":false},"author":1760,"featured_media":0,"comment_status":"closed","ping_status":"closed","sticky":false,"template":"","format":"standard","meta":{"fifu_image_url":"","fifu_image_alt":"","footnotes":""},"categories":[73,54],"tags":[],"class_list":["post-104468","post","type-post","status-publish","format-standard","hentry","category-actualite","category-maroc"],"_links":{"self":[{"href":"https:\/\/linitiative.ca\/International\/wp-json\/wp\/v2\/posts\/104468","targetHints":{"allow":["GET"]}}],"collection":[{"href":"https:\/\/linitiative.ca\/International\/wp-json\/wp\/v2\/posts"}],"about":[{"href":"https:\/\/linitiative.ca\/International\/wp-json\/wp\/v2\/types\/post"}],"author":[{"embeddable":true,"href":"https:\/\/linitiative.ca\/International\/wp-json\/wp\/v2\/users\/1760"}],"replies":[{"embeddable":true,"href":"https:\/\/linitiative.ca\/International\/wp-json\/wp\/v2\/comments?post=104468"}],"version-history":[{"count":0,"href":"https:\/\/linitiative.ca\/International\/wp-json\/wp\/v2\/posts\/104468\/revisions"}],"wp:attachment":[{"href":"https:\/\/linitiative.ca\/International\/wp-json\/wp\/v2\/media?parent=104468"}],"wp:term":[{"taxonomy":"category","embeddable":true,"href":"https:\/\/linitiative.ca\/International\/wp-json\/wp\/v2\/categories?post=104468"},{"taxonomy":"post_tag","embeddable":true,"href":"https:\/\/linitiative.ca\/International\/wp-json\/wp\/v2\/tags?post=104468"}],"curies":[{"name":"wp","href":"https:\/\/api.w.org\/{rel}","templated":true}]}}