{"id":104469,"date":"2020-11-12T03:40:55","date_gmt":"2020-11-12T08:40:55","guid":{"rendered":"https:\/\/linitiative.ca\/International\/regression-de-plus-de-50-des-exportations-de-fruits-vers-la-libye\/"},"modified":"2020-11-12T03:40:55","modified_gmt":"2020-11-12T08:40:55","slug":"regression-de-plus-de-50-des-exportations-de-fruits-vers-la-libye","status":"publish","type":"post","link":"https:\/\/linitiative.ca\/International\/regression-de-plus-de-50-des-exportations-de-fruits-vers-la-libye\/","title":{"rendered":"R\u00e9gression de plus de 50% des exportations de fruits vers la Libye"},"content":{"rendered":"<div class=\"td-post-content\">\n<h2>Les exportations tunisiennes de fruits vers la Libye ont r\u00e9gress\u00e9 de plus de 50% pour atteindre 15 537<\/h2>\n<h2>tonnes depuis le 1er janvier jusqu\u2019au 9 novembre 2020. Et ce contre 32 962 tonnes, au cours de la m\u00eame<\/h2>\n<h2>p\u00e9riode de 2019. A indiqu\u00e9 le chef du service commercial au Groupement interprofessionnel des fruits (<\/h2>\n<p>Cette r\u00e9gression est due aux perturbations des \u00e9changes commerciaux, r\u00e9sultant de la crise de la pand\u00e9mie de la Covid-19. Tira a soulign\u00e9, \u00e9galement, la r\u00e9gression des recettes des exportations des fruits vers la Libye \u00e0 28 milliards de dinars. Et ce contre 60 milliards enregistr\u00e9s au cours de la m\u00eame p\u00e9riode de 2019.\u00a0 D\u2019ailleurs, les recettes des exportations des fruits vers la Libye accaparent 70% du total des exportations tunisiennes.<\/p>\n<p>L\u2019activit\u00e9 d\u2019exportation de fruits vers le march\u00e9 libyen a repris normalement, depuis le d\u00e9but du mois d\u2019octobre 2020. Les quantit\u00e9s export\u00e9es ont atteint pr\u00e8s de 3600 tonnes dont 2300 tonnes de grenades. Cette reprise intervient apr\u00e8s un arr\u00eat quasi-total en septembre 2020.<\/p>\n<p>Ceci a pu se r\u00e9aliser gr\u00e2ce \u00e0 la reprise de l\u2019activit\u00e9 de la ligne maritime entre la Tunisie et la Libye. Il a fait remarquer que l\u2019\u00e9volution des exportations vers la Libye reste tributaire de l\u2019ouverture des fronti\u00e8res terrestres. Au cours des ann\u00e9es 2019-2020, le rythme d\u2019exportation des fruits vers tous les march\u00e9s, a enregistr\u00e9 une baisse de 48%, \u00e0 25 682 tonnes contre 46 344 tonnes, pr\u00e9cisant qu\u2019en valeur, la baisse est de 34%.<\/p>\n<p>Avec TAP<\/p>\n<\/div>\n<footer>\n<\/footer>\n<div class=\"wp-post-author-wrap wp-post-author-shortcode left\">\n<h3 class=\"awpa-title\"\/>\n<div class=\"wp-post-author\">\n<div class=\"awpa-img awpa-author-block square\"><a href=\"http:\/\/lexpertjournal.net\/fr\/?author=5\"><img loading=\"lazy\" decoding=\"async\" alt=\"\" src=\"http:\/\/0.gravatar.com\/avatar\/97f8e10a1c1125ba104a76514ee07b16?s=150&amp;d=mm&amp;r=g\" srcset=\"http:\/\/0.gravatar.com\/avatar\/97f8e10a1c1125ba104a76514ee07b16?s=300&amp;d=mm&amp;r=g 2x\" class=\"avatar avatar-150 photo\" height=\"150\" width=\"150\"\/><\/a><\/div>\n<\/div>\n<\/div>\n<aside class=\"mashsb-container mashsb-main mashsb-stretched\">\n<\/aside>\n<p>Auteur: L&rsquo;expert<br \/>\n<a href=\"http:\/\/lexpertjournal.net\/fr\/?p=17232\">Cliquez ici pour lire l&rsquo;article depuis sa source.<\/a><\/p>\n","protected":false},"excerpt":{"rendered":"<p>Les exportations tunisiennes de fruits vers la Libye ont r\u00e9gress\u00e9 de plus de 50% pour atteindre 15 537 tonnes depuis le 1er janvier jusqu\u2019au 9 novembre 2020. Et ce contre 32 962 tonnes, au cours de la m\u00eame p\u00e9riode de 2019. A indiqu\u00e9 le chef du service commercial au Groupement interprofessionnel des fruits ( Cette [&hellip;]<\/p>\n","protected":false},"author":1775,"featured_media":0,"comment_status":"closed","ping_status":"closed","sticky":false,"template":"","format":"standard","meta":{"fifu_image_url":"","fifu_image_alt":"","footnotes":""},"categories":[78,55],"tags":[],"class_list":["post-104469","post","type-post","status-publish","format-standard","hentry","category-economie","category-tunisie"],"_links":{"self":[{"href":"https:\/\/linitiative.ca\/International\/wp-json\/wp\/v2\/posts\/104469","targetHints":{"allow":["GET"]}}],"collection":[{"href":"https:\/\/linitiative.ca\/International\/wp-json\/wp\/v2\/posts"}],"about":[{"href":"https:\/\/linitiative.ca\/International\/wp-json\/wp\/v2\/types\/post"}],"author":[{"embeddable":true,"href":"https:\/\/linitiative.ca\/International\/wp-json\/wp\/v2\/users\/1775"}],"replies":[{"embeddable":true,"href":"https:\/\/linitiative.ca\/International\/wp-json\/wp\/v2\/comments?post=104469"}],"version-history":[{"count":0,"href":"https:\/\/linitiative.ca\/International\/wp-json\/wp\/v2\/posts\/104469\/revisions"}],"wp:attachment":[{"href":"https:\/\/linitiative.ca\/International\/wp-json\/wp\/v2\/media?parent=104469"}],"wp:term":[{"taxonomy":"category","embeddable":true,"href":"https:\/\/linitiative.ca\/International\/wp-json\/wp\/v2\/categories?post=104469"},{"taxonomy":"post_tag","embeddable":true,"href":"https:\/\/linitiative.ca\/International\/wp-json\/wp\/v2\/tags?post=104469"}],"curies":[{"name":"wp","href":"https:\/\/api.w.org\/{rel}","templated":true}]}}