{"id":104471,"date":"2020-11-12T03:52:44","date_gmt":"2020-11-12T08:52:44","guid":{"rendered":"https:\/\/linitiative.ca\/International\/difficultes-de-commercialisation-de-la-recolte-des-agrumes-et-baisse-des-prix\/"},"modified":"2020-11-12T03:52:44","modified_gmt":"2020-11-12T08:52:44","slug":"difficultes-de-commercialisation-de-la-recolte-des-agrumes-et-baisse-des-prix","status":"publish","type":"post","link":"https:\/\/linitiative.ca\/International\/difficultes-de-commercialisation-de-la-recolte-des-agrumes-et-baisse-des-prix\/","title":{"rendered":"Difficult\u00e9s de commercialisation de la r\u00e9colte des agrumes et baisse des prix"},"content":{"rendered":"<div class=\"td-post-content\">\n<h2>La r\u00e9colte des agrumes pour la saison 2019\/2020, affronte des difficult\u00e9s. Et ce en terme de<\/h2>\n<h2>commercialisation interne, \u00e0 l\u2019instar des r\u00e9coltes des dattes, des pommes et des grenades, \u00e0 cause du<\/h2>\n<h2>manque de visibilit\u00e9 dans l\u2019achat des agrumes sur pied.<\/h2>\n<p>Les r\u00e9percussions de la pand\u00e9mie de Covid-19 ont accentu\u00e9 les craintes des agriculteurs. Le non-achat des grands producteurs et commer\u00e7ants des agrumes en grandes quantit\u00e9s causerait l\u2019effondrement des prix. Ainsi que des difficult\u00e9s financi\u00e8res pour les agriculteurs.<br \/>Le Pr\u00e9sident de l\u2019Union R\u00e9gionale de l\u2019Agriculture et de la P\u00eache (URAP) \u00e0 Nabeul, Imad El Bey, a soulign\u00e9 plusieurs difficult\u00e9s auxquelles fait face la fili\u00e8re dont notamment la commercialisation locale et l\u2019exportation.<\/p>\n<p>Il a soulign\u00e9 la\u00a0<a href=\"http:\/\/www.leconomistemaghrebin.com\/2018\/06\/13\/pouvoir-achat-aid-el-fitr\/\">baisse de l\u2019achat des agrumes sur pied<\/a>, avec la vente habituelle d\u2019un taux de 80% de la r\u00e9colte, jusqu\u2019\u00e0 cette p\u00e9riode de l\u2019ann\u00e9e. Et ce contre 20% de la production, au cours de cette saison.<\/p>\n<p>El Bey a expliqu\u00e9 cette r\u00e9ticence \u00e0 acheter les agrumes par l\u2019attente des acheteurs du d\u00e9veloppement de la situation \u00e9pid\u00e9miologique et son impact sur l\u2019op\u00e9ration d\u2019exportation.<br \/>Il a mis l\u2019accent sur l\u2019existence de plusieurs maladies qui ont touch\u00e9 la r\u00e9colte citant le \u00abblack spot\u00bb qui d\u00e9forme la taille des fruits, impactant l\u2019exportation. Les exportations de la Tunisie n\u2019ont pas d\u00e9pass\u00e9 7 mille tonnes d\u2019oranges maltaises vers la France. Et ce contre des taux annuels d\u00e9passant les 15 mille tonnes.<\/p>\n<p>Et d\u2019ajouter que ce probl\u00e8me a \u00e9t\u00e9 r\u00e9solu apr\u00e8s l\u2019intensification du traitement.<br \/>Il a \u00e9galement \u00e9voqu\u00e9 la question de l\u2019insuffisance de pr\u00e9cipitations. Ce ph\u00e9nom\u00e8ne affecte le niveau des volumes, en plus de l\u2019interdiction des exportations. Il a propos\u00e9, par ailleurs, d\u2019acc\u00e9l\u00e9rer la r\u00e9alisation des \u00e9tudes techniques pour le march\u00e9 de production de Menzel Bouzalfa et la r\u00e9ouverture des march\u00e9s.<\/p>\n<p>En termes de promotion, il a sugg\u00e9r\u00e9 de redoubler d\u2019efforts pour pr\u00e9server la position de la Tunisie sur le march\u00e9 fran\u00e7ais en terme d\u2019oranges maltaises et d\u2019identifier une solution pour l\u2019ouverture des fronti\u00e8res avec la Libye, qui absorbe diff\u00e9rentes r\u00e9coltes.<\/p>\n<h2>Une\u00a0<a href=\"http:\/\/www.leconomistemaghrebin.com\/2020\/01\/07\/agrumes-baisse-production-toutes-varietes\/\">r\u00e9colte<\/a>\u00a0importante<\/h2>\n<p>Pour ce qui est des estimations pr\u00e9liminaires de la r\u00e9colte pour la saison 2019\/2020, la r\u00e9colte des agrumes devrait atteindre 440 mille tonnes, contre 367 mille tonnes la saison pr\u00e9c\u00e9dente, soit une augmentation de 20%, selon le chef service commercial du\u00a0<a href=\"http:\/\/gifruits.com\/\" target=\"_blank\" rel=\"noopener noreferrer\">Groupement Interprofessionnels des Fruits<\/a>\u00a0(GIFruits), Tarek Tira.<br \/>Cette croissance concerne toutes les vari\u00e9t\u00e9s dont les maltaises qui repr\u00e9sentent 25% de la production totale, soit environ 132 mille tonnes, repr\u00e9sentant une augmentation de 21% par rapport \u00e0 la saison \u00e9coul\u00e9e.<br \/>La production des cl\u00e9mentines a enregistr\u00e9 une augmentation pour atteindre 80 mille tonnes.<\/p>\n<h2>R\u00e9ticence de l\u2019achat des produits<\/h2>\n<p>Le march\u00e9 local absorbe environ 370 mille tonnes. Mais le taux de consommation tunisienne des agrumes d\u00e9passe 40 kilogrammes\/ an, pendant la saison hivernale. Affirme\u00a0 la m\u00eame source.<br \/>Afin d\u2019\u00e9viter les probl\u00e8mes de commercialisation, le groupement lancera des campagnes de commercialisation pour encourager davantage la consommation des agrumes.<br \/>Il s\u2019agit d\u2019une \u00e9ventuelle signature d\u2019accords de partenariat avec un certain nombre d\u2019espaces commerciaux. L\u2019objectif \u00e9tant de promouvoir les oranges \u00e0 des prix. Outre la pr\u00e9paration des campagnes publicitaires pour d\u00e9montrer les bienfaits des agrumes pour la sant\u00e9.<\/p>\n<h2>Impulsion des exportations des agrumes<\/h2>\n<p>GIFruits \u0153uvre en collaboration avec les professionnels \u00e0 bien pr\u00e9parer la saison d\u2019exportation. Et ce via l\u2019organisation des s\u00e9ances de travail \u00e0 distance avec des partenaires du march\u00e9 fran\u00e7ais.<\/p>\n<p>Il s\u2019agit \u00e9galement de d\u00e9velopper le march\u00e9 libyen. Sachant que l\u2019exportation vers les pays du Golfe a commenc\u00e9, au cours de la derni\u00e8re p\u00e9riode. Mais sans enregistrer un volume important a-t-il expliqu\u00e9. La Tunisie exporte principalement des oranges maltaises vers le march\u00e9 fran\u00e7ais avec plus de 15 mille tonnes par an.<\/p>\n<p>En effet, il a fait savoir que la fili\u00e8re des agrumes b\u00e9n\u00e9ficie de l\u2019appui, dont la subvention jusqu\u2019\u00e0 50% du transport a\u00e9rien. Il ajoute, \u00e9galement, que les co\u00fbts d\u2019exp\u00e9dition ont augment\u00e9.<br \/>Une nouvelle redevance de 15% est appliqu\u00e9e au niveau du transporteur national et les parties concern\u00e9es (douane, courtiers, transport international et le Centre de Promotion des Exportations) devront se r\u00e9unir pour identifier les solutions n\u00e9cessaires \u00e0 la ma\u00eetrise des co\u00fbts, a-t-il indiqu\u00e9.<\/p>\n<p>La campagne d\u2019exportation des oranges maltaises vers le march\u00e9 fran\u00e7ais commence g\u00e9n\u00e9ralement au cours de la premi\u00e8re quinzaine du mois de janvier de chaque ann\u00e9e. Elle tient compte du degr\u00e9 de maturit\u00e9 des oranges.<\/p>\n<p>Avec TAP<\/p>\n<\/div>\n<footer>\n<\/footer>\n<div class=\"wp-post-author-wrap wp-post-author-shortcode left\">\n<h3 class=\"awpa-title\"\/>\n<div class=\"wp-post-author\">\n<div class=\"awpa-img awpa-author-block square\"><a href=\"http:\/\/lexpertjournal.net\/fr\/?author=5\"><img loading=\"lazy\" decoding=\"async\" alt=\"\" src=\"http:\/\/0.gravatar.com\/avatar\/97f8e10a1c1125ba104a76514ee07b16?s=150&amp;d=mm&amp;r=g\" srcset=\"http:\/\/0.gravatar.com\/avatar\/97f8e10a1c1125ba104a76514ee07b16?s=300&amp;d=mm&amp;r=g 2x\" class=\"avatar avatar-150 photo\" height=\"150\" width=\"150\"\/><\/a><\/div>\n<\/div>\n<\/div>\n<aside class=\"mashsb-container mashsb-main mashsb-stretched\">\n<\/aside>\n<p>Auteur: L&rsquo;expert<br \/>\n<a href=\"http:\/\/lexpertjournal.net\/fr\/?p=17238\">Cliquez ici pour lire l&rsquo;article depuis sa source.<\/a><\/p>\n","protected":false},"excerpt":{"rendered":"<p>La r\u00e9colte des agrumes pour la saison 2019\/2020, affronte des difficult\u00e9s. Et ce en terme de commercialisation interne, \u00e0 l\u2019instar des r\u00e9coltes des dattes, des pommes et des grenades, \u00e0 cause du manque de visibilit\u00e9 dans l\u2019achat des agrumes sur pied. Les r\u00e9percussions de la pand\u00e9mie de Covid-19 ont accentu\u00e9 les craintes des agriculteurs. Le [&hellip;]<\/p>\n","protected":false},"author":1775,"featured_media":0,"comment_status":"closed","ping_status":"closed","sticky":false,"template":"","format":"standard","meta":{"fifu_image_url":"","fifu_image_alt":"","footnotes":""},"categories":[78,55],"tags":[],"class_list":["post-104471","post","type-post","status-publish","format-standard","hentry","category-economie","category-tunisie"],"_links":{"self":[{"href":"https:\/\/linitiative.ca\/International\/wp-json\/wp\/v2\/posts\/104471","targetHints":{"allow":["GET"]}}],"collection":[{"href":"https:\/\/linitiative.ca\/International\/wp-json\/wp\/v2\/posts"}],"about":[{"href":"https:\/\/linitiative.ca\/International\/wp-json\/wp\/v2\/types\/post"}],"author":[{"embeddable":true,"href":"https:\/\/linitiative.ca\/International\/wp-json\/wp\/v2\/users\/1775"}],"replies":[{"embeddable":true,"href":"https:\/\/linitiative.ca\/International\/wp-json\/wp\/v2\/comments?post=104471"}],"version-history":[{"count":0,"href":"https:\/\/linitiative.ca\/International\/wp-json\/wp\/v2\/posts\/104471\/revisions"}],"wp:attachment":[{"href":"https:\/\/linitiative.ca\/International\/wp-json\/wp\/v2\/media?parent=104471"}],"wp:term":[{"taxonomy":"category","embeddable":true,"href":"https:\/\/linitiative.ca\/International\/wp-json\/wp\/v2\/categories?post=104471"},{"taxonomy":"post_tag","embeddable":true,"href":"https:\/\/linitiative.ca\/International\/wp-json\/wp\/v2\/tags?post=104471"}],"curies":[{"name":"wp","href":"https:\/\/api.w.org\/{rel}","templated":true}]}}