{"id":104473,"date":"2020-11-12T04:03:11","date_gmt":"2020-11-12T09:03:11","guid":{"rendered":"https:\/\/linitiative.ca\/International\/arp-cjd-tunisie-un-plan-de-relance-economique-simpose\/"},"modified":"2020-11-12T04:03:11","modified_gmt":"2020-11-12T09:03:11","slug":"arp-cjd-tunisie-un-plan-de-relance-economique-simpose","status":"publish","type":"post","link":"https:\/\/linitiative.ca\/International\/arp-cjd-tunisie-un-plan-de-relance-economique-simpose\/","title":{"rendered":"ARP \u2013 CJD Tunisie : un plan de relance \u00e9conomique s\u2019impose"},"content":{"rendered":"<h2>Dans le cadre de l\u2019examen du\u00a0<a href=\"http:\/\/www.leconomistemaghrebin.com\/2020\/10\/16\/document-projet-loi-finances-2021\/\" target=\"_blank\" rel=\"noopener noreferrer\">projet de loi de finances 2021<\/a>, la commission des finances, de la<\/h2>\n<h2>planification et du d\u00e9veloppement de l\u2019ARP a tenu une s\u00e9ance d\u2019audition avec les repr\u00e9sentants du<\/h2>\n<p>Lors de cette s\u00e9ance, les repr\u00e9sentants du CJD Tunisie ont pr\u00e9sent\u00e9 leurs commentaires et propositions concernant certaines dispositions du projet de loi de finances 2021.<\/p>\n<p>Ils ont \u00e9galement expos\u00e9 les obstacles rencontr\u00e9s par les jeunes dirigeants dans leurs entreprises, surtout suite \u00e0 la crise provoqu\u00e9e par la pand\u00e9mie de la Covid-19. Et ce, en insistant sur l\u2019urgence de la situation et la n\u00e9cessit\u00e9 d\u2019\u00e9laborer un plan de relance \u00e9conomique.<\/p>\n<p><em>M.T<\/em><\/p>\n<div class=\"wp-post-author-wrap wp-post-author-shortcode left\">\n<h3 class=\"awpa-title\"\/>\n<div class=\"wp-post-author\">\n<div class=\"awpa-img awpa-author-block square\"><a href=\"http:\/\/lexpertjournal.net\/fr\/?author=5\"><img loading=\"lazy\" decoding=\"async\" alt=\"\" src=\"http:\/\/0.gravatar.com\/avatar\/97f8e10a1c1125ba104a76514ee07b16?s=150&amp;d=mm&amp;r=g\" srcset=\"http:\/\/0.gravatar.com\/avatar\/97f8e10a1c1125ba104a76514ee07b16?s=300&amp;d=mm&amp;r=g 2x\" class=\"avatar avatar-150 photo\" height=\"150\" width=\"150\"\/><\/a><\/div>\n<\/div>\n<\/div>\n<aside class=\"mashsb-container mashsb-main mashsb-stretched\">\n<\/aside>\n<p>Auteur: L&rsquo;expert<br \/>\n<a href=\"http:\/\/lexpertjournal.net\/fr\/?p=17244\">Cliquez ici pour lire l&rsquo;article depuis sa source.<\/a><\/p>\n","protected":false},"excerpt":{"rendered":"<p>Dans le cadre de l\u2019examen du\u00a0projet de loi de finances 2021, la commission des finances, de la planification et du d\u00e9veloppement de l\u2019ARP a tenu une s\u00e9ance d\u2019audition avec les repr\u00e9sentants du Lors de cette s\u00e9ance, les repr\u00e9sentants du CJD Tunisie ont pr\u00e9sent\u00e9 leurs commentaires et propositions concernant certaines dispositions du projet de loi de [&hellip;]<\/p>\n","protected":false},"author":1775,"featured_media":0,"comment_status":"closed","ping_status":"closed","sticky":false,"template":"","format":"standard","meta":{"fifu_image_url":"","fifu_image_alt":"","footnotes":""},"categories":[78,55],"tags":[],"class_list":["post-104473","post","type-post","status-publish","format-standard","hentry","category-economie","category-tunisie"],"_links":{"self":[{"href":"https:\/\/linitiative.ca\/International\/wp-json\/wp\/v2\/posts\/104473","targetHints":{"allow":["GET"]}}],"collection":[{"href":"https:\/\/linitiative.ca\/International\/wp-json\/wp\/v2\/posts"}],"about":[{"href":"https:\/\/linitiative.ca\/International\/wp-json\/wp\/v2\/types\/post"}],"author":[{"embeddable":true,"href":"https:\/\/linitiative.ca\/International\/wp-json\/wp\/v2\/users\/1775"}],"replies":[{"embeddable":true,"href":"https:\/\/linitiative.ca\/International\/wp-json\/wp\/v2\/comments?post=104473"}],"version-history":[{"count":0,"href":"https:\/\/linitiative.ca\/International\/wp-json\/wp\/v2\/posts\/104473\/revisions"}],"wp:attachment":[{"href":"https:\/\/linitiative.ca\/International\/wp-json\/wp\/v2\/media?parent=104473"}],"wp:term":[{"taxonomy":"category","embeddable":true,"href":"https:\/\/linitiative.ca\/International\/wp-json\/wp\/v2\/categories?post=104473"},{"taxonomy":"post_tag","embeddable":true,"href":"https:\/\/linitiative.ca\/International\/wp-json\/wp\/v2\/tags?post=104473"}],"curies":[{"name":"wp","href":"https:\/\/api.w.org\/{rel}","templated":true}]}}