{"id":104485,"date":"2020-11-12T14:18:21","date_gmt":"2020-11-12T19:18:21","guid":{"rendered":"https:\/\/linitiative.ca\/International\/essaouira-haut-lieu-du-multiculturalisme-et-du-vivre-en-commun\/"},"modified":"2020-11-12T14:18:21","modified_gmt":"2020-11-12T19:18:21","slug":"essaouira-haut-lieu-du-multiculturalisme-et-du-vivre-en-commun","status":"publish","type":"post","link":"https:\/\/linitiative.ca\/International\/essaouira-haut-lieu-du-multiculturalisme-et-du-vivre-en-commun\/","title":{"rendered":"Essaouira, haut lieu du multiculturalisme et du vivre en commun"},"content":{"rendered":"<p>Cette vocation religieuse et cultuelle d\u2019Essaouira ne date pas d\u2019aujourd\u2019hui, mais remonte \u00e0 de longs si\u00e8cles de l\u2019histoire. Depuis sa cr\u00e9ation en 1760, la ville de Mogador avait fond\u00e9 toute sa d\u00e9marche sur le brassage des cultures et des civilisations, et s\u2019\u00e9tait dot\u00e9e de nombre d\u2019\u00e9difices religieux, \u00e0 m\u00eame de conforter sa position de choix comme havre de paix, de dialogue interculturel et de coexistence pacifique entre les religions.<\/p>\n<p>L\u2019histoire d\u2019Essaouira se trouve intimement li\u00e9e \u00e0 celle d\u2019anciens lieux de culte : Mosqu\u00e9es historiques, Zaouias (une quinzaine au total), ainsi que d\u2019\u00e9glises \u00e0 l\u2019image de l\u2019Eglise Catholique Notre Dame de l\u2019Assomption construite en 1936. Des lieux de culte b\u00e2tis, c\u00f4te \u00e0 c\u00f4te, comme pour transmettre au monde l\u2019image de ce que doit \u00eatre le vrai vivre- ensemble.<\/p>\n<p>Essaouira compte, en outre, des synagogues (au d\u00e9part, quelque 37 synagogues au total). Actuellement, la Cit\u00e9 des Aliz\u00e9s dispose de deux synagogues \u00e0 savoir \u00ab\u00a0Slat Al Kahal\u00a0\u00bb et \u00ab\u00a0Slat Attia\u00a0\u00bb. Celle-ci a \u00e9t\u00e9 construite \u00e0 la fin du 19\u00e8 si\u00e8cle, puis restaur\u00e9e dans le cadre du projet \u00ab\u00a0Bayt Dakira\u00a0\u00bb (Maison de la M\u00e9moire) port\u00e9 par l\u2019Association Essaouira-Mogador et r\u00e9alis\u00e9 en collaboration avec le minist\u00e8re de la Culture.<\/p>\n<p>Cette vocation religieuse d\u2019Essaouira lui a permise, tr\u00e8s t\u00f4t, de s\u2019\u00e9riger en r\u00e9ceptacle d\u2019une quinzaine de Zaouias, \u00e0 l\u2019instar de celle de Hamdouchia fond\u00e9e au 18\u00e8 si\u00e8cle, la Zaouia de Sidna Bilal \u00e9difi\u00e9e par la confr\u00e9rie Gnaoua, la Zouia Regraguia, la Zaouia El Kadiriya (1777), la Zaouia Tijania, et la Zaouia Aissaoua.<\/p>\n<p>Cette dimension religieuse, v\u00e9ritable socle de l\u2019ADN de la cit\u00e9 de Mogador, fait que jusqu\u2019\u00e0 nos jours et dans une illustration exceptionnelle, Musulmans, Juifs, Chr\u00e9tiens et autres se c\u00f4toient, se rencontrent, \u00e9changent et vivent en communion \u00e0 Essaouira dans le respect mutuels des singularit\u00e9s et des diff\u00e9rences, permettant d\u00e9j\u00e0 de parler de \u00ab\u00a0l\u2019Ecole d\u2019Essaouira\u00a0\u00bb en mati\u00e8re du vivre-ensemble.<\/p>\n<p>L\u2019int\u00e9r\u00eat port\u00e9 \u00e0 la promotion du champ religieux, \u00e0 la vulgarisation des valeurs de paix et de coexistence pacifique et \u00e0 la consolidation de l\u2019image d\u2019Essaouira, voire m\u00eame du Royaume comme terre du vivre en commun, de communion et de partage, s\u2019est concr\u00e9tis\u00e9 avec la visite historique de Sa Majest\u00e9 le Roi Mohammed VI, Amir Al Mouminine, le 15 janvier 2019 \u00e0 \u00ab\u00a0Bayt Dakira\u00a0\u00bb, un espace spirituel et patrimonial de pr\u00e9servation et de valorisation de la m\u00e9moire jud\u00e9o-marocaine, unique en son genre au sud de la M\u00e9diterran\u00e9e et en terre d\u2019Islam.<\/p>\n<p>Dans la m\u00eame lign\u00e9e, la Cit\u00e9 des Aliz\u00e9s vit depuis quelque mois d\u00e9j\u00e0 au rythme du programme compl\u00e9mentaire de r\u00e9habilitation et de mise en valeur de l\u2019ancienne M\u00e9dina (2019-2023) qui mobilise des investissements de l\u2019ordre de 300 millions de DH. Un chantier Royal d\u2019envergure visant \u00e0 pr\u00e9server le cachet architectural de la ville de Mogador, \u00e0 promouvoir son rayonnement culturel, cultuel et touristique et \u00e0 am\u00e9liorer les conditions de vie des autochtones.<\/p>\n<p>Dans une d\u00e9claration \u00e0 la MAP, le d\u00e9l\u00e9gu\u00e9 provincial des Affaires islamiques, M. Karim Benabbad, a mis en avant la Haute Sollicitude dont le Souverain ne cesse d\u2019entourer le champ religieux et ses pr\u00e9pos\u00e9s, citant, dans ce sens, l\u2019exemple du chantier Royal de r\u00e9habilitation et de mise en valeur des anciennes m\u00e9dinas, dont celle d\u2019Essaouira.<\/p>\n<p>\u00ab\u00a0Essaouira a b\u00e9n\u00e9fici\u00e9 d\u2019une premi\u00e8re convention de r\u00e9habilitation impliquant le minist\u00e8re des Affaires islamiques (Direction des mosqu\u00e9es) \u00e0 travers six projets, \u00e0 savoir la r\u00e9habilitation des Zaouias \u00ab\u00a0Tijaniya\u00a0\u00bb, \u00ab\u00a0Derkaouia\u00a0\u00bb, \u00ab\u00a0Nassiriya\u00a0\u00bb et \u00ab\u00a0Al Kadiriya\u00a0\u00bb, ainsi que les mosqu\u00e9es \u00ab\u00a0Al Baouakhir\u00a0\u00bb et \u00ab\u00a0Ali Ben Daoud\u00a0\u00bb, a-t-il poursuivi, notant que pour ce qui est de la convention relative au programme compl\u00e9mentaire de r\u00e9habilitation et de mise en valeur de la M\u00e9dina d\u2019Essaouira, elle concerne, entre autres quatre projets, \u00e0 savoir la Zaouia \u00ab\u00a0Regraguia\u00a0\u00bb, la Zaouia \u00ab\u00a0Al Kettania\u00a0\u00bb, et les mosqu\u00e9es \u00ab\u00a0Rahala\u00a0\u00bb et \u00ab\u00a0Haha\u00a0\u00bb, avec une contribution du minist\u00e8re des Affaires Islamiques de l\u2019ordre de 5 millions de DH.<\/p>\n<p>Ainsi, ce sont quelque dix lieux de culte au niveau de la ville d\u2019Essaouira qui b\u00e9n\u00e9ficieront de travaux de r\u00e9habilitation et de mise \u00e0 niveau, ce qui constitue \u00ab\u00a0un grand gain\u00a0\u00bb pour la cit\u00e9 des Aliz\u00e9s et ses habitants, s\u2019est-il f\u00e9licit\u00e9, rappelant qu\u2019Essaouira est une ville des mosqu\u00e9es, d\u2019\u00e9rudits et de pr\u00e9pos\u00e9s religieux, avec un total de 1.740 mosqu\u00e9es et 1.540 imams et pr\u00e9dicateurs.<\/p>\n<p>Pour sa part, M. Hicham Dinar, Moqadem de la Zaouia El Kadiriya \u00e0 Essaouira, a relev\u00e9 que les Zaouias soufies disposent de r\u00f4les pr\u00e9pond\u00e9rants au sein de la soci\u00e9t\u00e9 depuis des si\u00e8cles, notamment dans la cons\u00e9cration des principes de coexistence et du vivre en commun entre les religions.<\/p>\n<p>Gr\u00e2ce \u00e0 l\u2019int\u00e9r\u00eat particulier qu\u2019accorde Sa Majest\u00e9 le Roi Mohammed VI, Amir Al Mouminine, au champ religieux, ces Zaouias soufies ont r\u00e9ussi, de nos jours, \u00e0 retrouver leur rayonnement d\u2019antan, \u00e0 l\u2019image de la Zaouia El Kadiriya \u00e0 Essaouira, qui b\u00e9n\u00e9ficie actuellement de travaux de r\u00e9habilitation et ne cesse de jouer, depuis sa cr\u00e9ation, un r\u00f4le consid\u00e9rable dans la promotion de l\u2019islam tol\u00e9rant et du juste milieu, a rappel\u00e9 M. Dinar, \u00e9galement secr\u00e9taire g\u00e9n\u00e9ral de la Rabita nationale des Zaouias Kadiriya au Maroc.<\/p>\n<p>Dans la foul\u00e9e, il a mis en avant l\u2019importance du Festival des Andalousies Atlantiques d\u2019Essaouira qui met chaque ann\u00e9e, c\u00f4te \u00e0 c\u00f4te, Musulmans et Juifs, pour chanter, jouer de la musique et \u00e9changer dans la communion et le respect mutuel, rappelant son r\u00f4le majeur \u00e9galement dans la promotion des valeurs de paix, de tol\u00e9rance et de vivre-ensemble.<\/p>\n<p>De son c\u00f4t\u00e9, M. Hicham El Madi, pr\u00e9sident de l\u2019association du soufisme hamdouchi, a mis en avant l\u2019importance de la Zaouia Hamdouchia qui, au fil des si\u00e8cles, avait jou\u00e9 un r\u00f4le de taille dans l\u2019\u00e9ducation psychologique, la lutte contre la violence et la x\u00e9nophobie, et la promotion et la vulgarisation \u00e0 Essaouira, des valeurs de paix, de tol\u00e9rance, d\u2019ouverture et de partage.<\/p>\n<p>Dans la foul\u00e9e, il a exhort\u00e9 les autorit\u00e9s comp\u00e9tentes et les \u00e9lus locaux \u00e0 accorder un int\u00e9r\u00eat particulier \u00e0 ce lieu de culte, en proc\u00e9dant \u00e0 sa r\u00e9habilitation et \u00e0 sa mise \u00e0 niveau, afin qu\u2019il puisse remplir le r\u00f4le qui est le sien dans l\u2019\u00e9ducation et la conscientisation de la soci\u00e9t\u00e9.<\/p>\n<p>M. Hamza Jorti, pr\u00e9sident de l\u2019Association Al Anouar Al Mohammadia pour la culture et l\u2019art \u00e0 Essaouira, a mis l\u2019accent, quant \u00e0 lui, sur la place qu\u2019occupait la Zaouia Tijania d\u2019Essaouira, \u00e0 l\u2019instar d\u2019autres Zaouias soufies, dans la promotion de l\u2019\u00e9ducation religieuse et spirituelle de l\u2019individu au sein de la soci\u00e9t\u00e9 et la vulgarisation des valeurs et pr\u00e9ceptes de l\u2019islam tol\u00e9rant, mettant en avant la place d\u2019Essaouira comme espace de promotion des valeurs humaines d\u2019ouverture, de partage et de dialogue.<\/p>\n<p>In fine, avec cette vocation religieuse et spirituelle, coupl\u00e9e \u00e0 la dynamique culturelle et artistique dense et soutenue, Essaouira, de par le message d\u2019humanisme qu\u2019elle ne cesse de diffuser au-del\u00e0 m\u00eame des fronti\u00e8res nationales, se dresse comme cette \u00ab\u00a0boussole marocaine\u00a0\u00bb dont le monde actuel a plus que jamais besoin.<\/p>\n<p>Auteur: Mohammed KOURSI<br \/>\n<a href=\"http:\/\/www.mapmarrakech.ma\/fr\/essaouira-haut-lieu-du-multiculturalisme-et-du-vivre-en-commun\/\">Cliquez ici pour lire l&rsquo;article depuis sa source.<\/a><\/p>\n","protected":false},"excerpt":{"rendered":"<p>Cette vocation religieuse et cultuelle d\u2019Essaouira ne date pas d\u2019aujourd\u2019hui, mais remonte \u00e0 de longs si\u00e8cles de l\u2019histoire. Depuis sa cr\u00e9ation en 1760, la ville de Mogador avait fond\u00e9 toute sa d\u00e9marche sur le brassage des cultures et des civilisations, et s\u2019\u00e9tait dot\u00e9e de nombre d\u2019\u00e9difices religieux, \u00e0 m\u00eame de conforter sa position de choix [&hellip;]<\/p>\n","protected":false},"author":1788,"featured_media":0,"comment_status":"closed","ping_status":"closed","sticky":false,"template":"","format":"standard","meta":{"fifu_image_url":"","fifu_image_alt":"","footnotes":""},"categories":[54,76],"tags":[],"class_list":["post-104485","post","type-post","status-publish","format-standard","hentry","category-maroc","category-regions"],"_links":{"self":[{"href":"https:\/\/linitiative.ca\/International\/wp-json\/wp\/v2\/posts\/104485","targetHints":{"allow":["GET"]}}],"collection":[{"href":"https:\/\/linitiative.ca\/International\/wp-json\/wp\/v2\/posts"}],"about":[{"href":"https:\/\/linitiative.ca\/International\/wp-json\/wp\/v2\/types\/post"}],"author":[{"embeddable":true,"href":"https:\/\/linitiative.ca\/International\/wp-json\/wp\/v2\/users\/1788"}],"replies":[{"embeddable":true,"href":"https:\/\/linitiative.ca\/International\/wp-json\/wp\/v2\/comments?post=104485"}],"version-history":[{"count":0,"href":"https:\/\/linitiative.ca\/International\/wp-json\/wp\/v2\/posts\/104485\/revisions"}],"wp:attachment":[{"href":"https:\/\/linitiative.ca\/International\/wp-json\/wp\/v2\/media?parent=104485"}],"wp:term":[{"taxonomy":"category","embeddable":true,"href":"https:\/\/linitiative.ca\/International\/wp-json\/wp\/v2\/categories?post=104485"},{"taxonomy":"post_tag","embeddable":true,"href":"https:\/\/linitiative.ca\/International\/wp-json\/wp\/v2\/tags?post=104485"}],"curies":[{"name":"wp","href":"https:\/\/api.w.org\/{rel}","templated":true}]}}