{"id":104486,"date":"2020-11-11T12:02:33","date_gmt":"2020-11-11T17:02:33","guid":{"rendered":"https:\/\/linitiative.ca\/International\/le-conseil-local-des-oulemas-mobilise-contre-la-deperdition-scolaire\/"},"modified":"2020-11-11T12:02:33","modified_gmt":"2020-11-11T17:02:33","slug":"le-conseil-local-des-oulemas-mobilise-contre-la-deperdition-scolaire","status":"publish","type":"post","link":"https:\/\/linitiative.ca\/International\/le-conseil-local-des-oulemas-mobilise-contre-la-deperdition-scolaire\/","title":{"rendered":"Le Conseil local des Oul\u00e9mas mobilis\u00e9 contre la d\u00e9perdition scolaire"},"content":{"rendered":"<div readability=\"35\">\n<p>Essaouira- Le Conseil local des oul\u00e9mas d\u2019Essaouira m\u00e8ne actuellement une large campagne de sensibilisation dans la province pour renforcer les efforts de lutte contre la d\u00e9perdition scolaire et conscientiser davantage quant aux dangers et aux r\u00e9percussions n\u00e9gatives qui d\u00e9coulent de ce ph\u00e9nom\u00e8ne.<\/p>\n<\/div>\n<div readability=\"96\">\n<p>Cette campagne, qui s\u2019\u00e9tale sur tout le mois de novembre, conna\u00eet la participation de nombreux pr\u00e9dicateurs et pr\u00e9dicatrices du Conseil, qui vont se rendre dans de nombreux \u00e9tablissements scolaires, tous cycles confondus, dans les diff\u00e9rentes collectivit\u00e9s territoriales relevant de la province d\u2019Essaouira pour rehausser l\u2019\u00e9lan de mobilisation sociale, afin de venir \u00e0 bout de ce ph\u00e9nom\u00e8ne complexe qui menace l\u2019avenir des g\u00e9n\u00e9rations montantes aussi bien au niveau provincial qu\u2019\u00e0 l\u2019\u00e9chelle du Royaume.<\/p>\n<p>Men\u00e9e en coordination avec la pr\u00e9fecture de la province d\u2019Essaouira et la direction provinciale de l\u2019Education nationale, cette initiative s\u2019assigne ainsi pour finalit\u00e9 de mieux sensibiliser les apprenants \u00e0 l\u2019importance de la scolarisation dans tout processus de d\u00e9veloppement social et dans l\u2019\u00e9dification de toute soci\u00e9t\u00e9 moderne et \u00e9panouie.<\/p>\n<p>Au cours de leurs visites, rencontres et \u00e9changes avec les \u00e9l\u00e8ves des divers \u00e9tablissements dans le cadre de cette op\u00e9ration, qui se d\u00e9roule dans le strict respect des mesures pr\u00e9ventives et du protocole sanitaire en vigueur pour enrayer la propagation de la Covid-19, les membres du Conseil veillent donc \u00e0 les appeler \u00e0 pers\u00e9v\u00e9rer sur la voie de l\u2019apprentissage et \u00e0 poursuivre leurs \u00e9tudes afin de devenir des citoyens utiles \u00e0 leur pays et capables de relever les diff\u00e9rents d\u00e9fis et enjeux futurs, et de contribuer \u00e0 la construction collective de l\u2019avenir de la Patrie.<\/p>\n<p>Dans une d\u00e9claration \u00e0 la MAP, le pr\u00e9sident du Conseil local des Oul\u00e9mas, M. Mohamed Menguit, a indiqu\u00e9 que cette campagne intervient dans le cadre de l\u2019ouverture de cette instance religieuse sur les diff\u00e9rents \u00e9tablissements et institutions afin de contribuer, avec efficience et efficacit\u00e9, au traitement de certains ph\u00e9nom\u00e8nes sociaux qui se posent avec acuit\u00e9.<\/p>\n<p>Cette op\u00e9ration de grande envergure s\u2019inscrit aussi dans le cadre de l\u2019adh\u00e9sion agissante du Conseil aux campagnes nationales d\u2019int\u00e9r\u00eat g\u00e9n\u00e9ral, a-t-il pr\u00e9cis\u00e9, notant qu\u2019elle intervient dans le sillage de la \u00ab\u00a0Caravane de la mobilisation sociale\u00a0\u00bb pour l\u2019int\u00e9gration directe des \u00e9l\u00e8ves et des enfants non-scolaris\u00e9s, organis\u00e9e par la direction provinciale de l\u2019Education nationale, conform\u00e9ment aux Hautes Orientations de SM le Roi Mohammed VI, Amir Al Mouminine, relatives \u00e0 la lutte contre le ph\u00e9nom\u00e8ne de d\u00e9perdition scolaire.<\/p>\n<p>Plac\u00e9e sous le signe \u00ab\u00a0Ensemble pour la lutte contre la d\u00e9perdition scolaire\u00a0\u00bb, cette Caravane vise \u00e0 promouvoir la scolarisation de cette frange de la soci\u00e9t\u00e9 et \u00e0 intensifier les efforts et actions de lutte contre le ph\u00e9nom\u00e8ne de d\u00e9crochage scolaire.<\/p>\n<p>Elle intervient en application des dispositions de la loi-cadre 51.17 relative au syst\u00e8me d\u2019\u00e9ducation, de formation et de recherche scientifique, notamment celles inh\u00e9rentes \u00e0 la poursuite des efforts et \u00e0 la mobilisation des diff\u00e9rents moyens et m\u00e9canismes pour la lutte contre le ph\u00e9nom\u00e8ne de d\u00e9perdition scolaire.<\/p>\n<p>Elle s\u2019assigne pour principaux objectifs la synergie des actions de tous les acteurs concern\u00e9s par le syst\u00e8me \u00e9ducatif et des autres intervenants pour agir en commun afin d\u2019atteindre les r\u00e9sultats escompt\u00e9s, selon un plan bien d\u00e9fini visant la r\u00e9insertion des \u00e9l\u00e8ves n\u2019ayant pas rejoint l\u2019\u00e9cole et les enfants non scolaris\u00e9s dans l\u2019enseignement formel ou l\u2019int\u00e9gration d\u2019un grand nombre d\u2019entre eux dans les \u00e9coles de la 2\u00e8me chance, sans oublier le renforcement de l\u2019appui social aux \u00e9l\u00e8ves issus des milieux d\u00e9favoris\u00e9s.<\/p>\n<\/div>\n<p>Auteur: Mohammed KOURSI<br \/>\n<a href=\"http:\/\/www.mapmarrakech.ma\/fr\/le-conseil-local-des-oulemas-mobilise-contre-la-deperdition-scolaire\/\">Cliquez ici pour lire l&rsquo;article depuis sa source.<\/a><\/p>\n","protected":false},"excerpt":{"rendered":"<p>Essaouira- Le Conseil local des oul\u00e9mas d\u2019Essaouira m\u00e8ne actuellement une large campagne de sensibilisation dans la province pour renforcer les efforts de lutte contre la d\u00e9perdition scolaire et conscientiser davantage quant aux dangers et aux r\u00e9percussions n\u00e9gatives qui d\u00e9coulent de ce ph\u00e9nom\u00e8ne. Cette campagne, qui s\u2019\u00e9tale sur tout le mois de novembre, conna\u00eet la participation [&hellip;]<\/p>\n","protected":false},"author":1788,"featured_media":0,"comment_status":"closed","ping_status":"closed","sticky":false,"template":"","format":"standard","meta":{"fifu_image_url":"","fifu_image_alt":"","footnotes":""},"categories":[54,76],"tags":[],"class_list":["post-104486","post","type-post","status-publish","format-standard","hentry","category-maroc","category-regions"],"_links":{"self":[{"href":"https:\/\/linitiative.ca\/International\/wp-json\/wp\/v2\/posts\/104486","targetHints":{"allow":["GET"]}}],"collection":[{"href":"https:\/\/linitiative.ca\/International\/wp-json\/wp\/v2\/posts"}],"about":[{"href":"https:\/\/linitiative.ca\/International\/wp-json\/wp\/v2\/types\/post"}],"author":[{"embeddable":true,"href":"https:\/\/linitiative.ca\/International\/wp-json\/wp\/v2\/users\/1788"}],"replies":[{"embeddable":true,"href":"https:\/\/linitiative.ca\/International\/wp-json\/wp\/v2\/comments?post=104486"}],"version-history":[{"count":0,"href":"https:\/\/linitiative.ca\/International\/wp-json\/wp\/v2\/posts\/104486\/revisions"}],"wp:attachment":[{"href":"https:\/\/linitiative.ca\/International\/wp-json\/wp\/v2\/media?parent=104486"}],"wp:term":[{"taxonomy":"category","embeddable":true,"href":"https:\/\/linitiative.ca\/International\/wp-json\/wp\/v2\/categories?post=104486"},{"taxonomy":"post_tag","embeddable":true,"href":"https:\/\/linitiative.ca\/International\/wp-json\/wp\/v2\/tags?post=104486"}],"curies":[{"name":"wp","href":"https:\/\/api.w.org\/{rel}","templated":true}]}}