{"id":104493,"date":"2020-11-11T14:30:13","date_gmt":"2020-11-11T19:30:13","guid":{"rendered":"https:\/\/linitiative.ca\/International\/un-projet-integre-de-developpement-rural-a-portee-socio-economique\/"},"modified":"2020-11-11T14:30:13","modified_gmt":"2020-11-11T19:30:13","slug":"un-projet-integre-de-developpement-rural-a-portee-socio-economique","status":"publish","type":"post","link":"https:\/\/linitiative.ca\/International\/un-projet-integre-de-developpement-rural-a-portee-socio-economique\/","title":{"rendered":"Un projet int\u00e9gr\u00e9 de d\u00e9veloppement rural \u00e0 port\u00e9e socio-\u00e9conomique"},"content":{"rendered":"<p class=\"c4\">Le Secr\u00e9taire g\u00e9n\u00e9ral du minist\u00e8re de l\u2019Agriculture, de la P\u00eache Maritime, du D\u00e9veloppement Rural et des Eaux et For\u00eats, Mohammed Sadiki, a pr\u00e9sid\u00e9, mardi par visioconf\u00e9rence, un atelier consacr\u00e9 \u00e0 la pr\u00e9paration d\u2019un projet de d\u00e9veloppement et d\u2019adaptation aux changements climatiques dans les communes territoriales de la zone montagneuse de la province de Berkane.<\/p>\n<p class=\"c4\">Ce projet int\u00e9gr\u00e9 de d\u00e9veloppement rural \u00e0 port\u00e9e socio-\u00e9conomique et environnementale notable sera soumis au financement du Fonds Vert pour le Climat, pr\u00e9cise un communiqu\u00e9 du minist\u00e8re.<\/p>\n<p class=\"c4\">L\u2019objectif global du projet est de contribuer \u00e0 l\u2019am\u00e9lioration des conditions de vie de la population rurale des zones de montagne par la diversification et la croissance des revenus des femmes, des hommes et des jeunes ruraux, de mani\u00e8re durable, afin de promouvoir la cr\u00e9ation d\u2019une classe moyenne rurale.<\/p>\n<p class=\"c4\">\u00ab\u00a0L\u2019atelier sera suivi d\u2019une mission d\u2019experts dans la province de Berkane pour la pr\u00e9paration d\u2019un projet de d\u00e9veloppement et d\u2019adaptation aux changements climatiques dans les communes territoriales de la zone montagneuse des Beni Isnassen, relevant de la province de Berkane, qui sera soumis au financement du Fonds Vert pour le Climat (FVC), un m\u00e9canisme financier de l\u2019Organisation des Nations unies, rattach\u00e9 \u00e0 la Convention-cadre des Nations unies sur les changements climatiques (CCNUCC)\u00a0\u00bb, indique-t-on.<\/p>\n<p class=\"c4\">Notant que le FVC accorde une attention particuli\u00e8re aux besoins des soci\u00e9t\u00e9s pour une meilleure r\u00e9silience aux effets des changements climatiques, le communiqu\u00e9 souligne que la conception du projet tient compte de tous les volets de d\u00e9veloppement rural, aussi bien socio\u00e9conomiques qu\u2019environnementaux.<\/p>\n<p class=\"c4\">\u00ab\u00a0L\u2019approche se veut territorialis\u00e9e, participative et int\u00e9gr\u00e9e\u00a0\u00bb, pr\u00e9cisent encore les promoteurs de ce projet, mettant l\u2019accent sur une approche int\u00e9gr\u00e9e dans l\u2019espace en termes de compl\u00e9mentarit\u00e9s et de convergence des interventions.<\/p>\n<p class=\"c4\">Ledit projet portera entre autres, sur le d\u00e9veloppement et la valorisation des productions agricoles, les am\u00e9nagements hydro-agricoles, la protection des terres de culture et la construction de pistes rurales, la promotion de l\u2019emploi et des activit\u00e9s g\u00e9n\u00e9ratrices de revenus, le d\u00e9veloppement des capacit\u00e9s, services-conseils, la sensibilisation et les syst\u00e8mes d\u2019alerte pr\u00e9coce.<\/p>\n<p class=\"c4\">Il repose sur l\u2019exp\u00e9rience du minist\u00e8re qui a d\u00e9ploy\u00e9 des efforts louables dans le cadre du Plan Maroc Vert pour le d\u00e9veloppement et l\u2019adaptation des territoires aux changements climatiques.<\/p>\n<p class=\"c4\">Plusieurs projets de d\u00e9veloppement des territoires ont b\u00e9n\u00e9fici\u00e9 du financement du Fonds Vert pour le Climat, rappelle le communiqu\u00e9, citant dans ce sens le cas du projet d\u2019am\u00e9nagement hydro-agricole du p\u00e9rim\u00e8tre Boudnib associ\u00e9 au barrage Kaddoussa sur Oued Guir, le projet de sauvegarde de la plaine irrigu\u00e9e de Saiss ou encore le programme de d\u00e9veloppement de l\u2019arganiculture dans les zones vuln\u00e9rables.<\/p>\n<p class=\"c4\">Cette dynamique, assure la m\u00eame source, sera renforc\u00e9e dans le cadre de la nouvelle strat\u00e9gie agricole \u00ab\u00a0G\u00e9n\u00e9ration Green 2020-2030\u00a0\u00bb.<\/p>\n<p>Auteur: Soufiane ELAHMAR<br \/>\n<a href=\"http:\/\/www.mapoujda.ma\/fr\/preparation-dun-projet-integre-de-developpement-rural-a-portee-socio-economique-et-environnementale\/\">Cliquez ici pour lire l&rsquo;article depuis sa source.<\/a><\/p>\n","protected":false},"excerpt":{"rendered":"<p>Le Secr\u00e9taire g\u00e9n\u00e9ral du minist\u00e8re de l\u2019Agriculture, de la P\u00eache Maritime, du D\u00e9veloppement Rural et des Eaux et For\u00eats, Mohammed Sadiki, a pr\u00e9sid\u00e9, mardi par visioconf\u00e9rence, un atelier consacr\u00e9 \u00e0 la pr\u00e9paration d\u2019un projet de d\u00e9veloppement et d\u2019adaptation aux changements climatiques dans les communes territoriales de la zone montagneuse de la province de Berkane. Ce [&hellip;]<\/p>\n","protected":false},"author":1788,"featured_media":0,"comment_status":"closed","ping_status":"closed","sticky":false,"template":"","format":"standard","meta":{"fifu_image_url":"","fifu_image_alt":"","footnotes":""},"categories":[54,76],"tags":[],"class_list":["post-104493","post","type-post","status-publish","format-standard","hentry","category-maroc","category-regions"],"_links":{"self":[{"href":"https:\/\/linitiative.ca\/International\/wp-json\/wp\/v2\/posts\/104493","targetHints":{"allow":["GET"]}}],"collection":[{"href":"https:\/\/linitiative.ca\/International\/wp-json\/wp\/v2\/posts"}],"about":[{"href":"https:\/\/linitiative.ca\/International\/wp-json\/wp\/v2\/types\/post"}],"author":[{"embeddable":true,"href":"https:\/\/linitiative.ca\/International\/wp-json\/wp\/v2\/users\/1788"}],"replies":[{"embeddable":true,"href":"https:\/\/linitiative.ca\/International\/wp-json\/wp\/v2\/comments?post=104493"}],"version-history":[{"count":0,"href":"https:\/\/linitiative.ca\/International\/wp-json\/wp\/v2\/posts\/104493\/revisions"}],"wp:attachment":[{"href":"https:\/\/linitiative.ca\/International\/wp-json\/wp\/v2\/media?parent=104493"}],"wp:term":[{"taxonomy":"category","embeddable":true,"href":"https:\/\/linitiative.ca\/International\/wp-json\/wp\/v2\/categories?post=104493"},{"taxonomy":"post_tag","embeddable":true,"href":"https:\/\/linitiative.ca\/International\/wp-json\/wp\/v2\/tags?post=104493"}],"curies":[{"name":"wp","href":"https:\/\/api.w.org\/{rel}","templated":true}]}}