{"id":104497,"date":"2020-11-12T11:00:00","date_gmt":"2020-11-12T16:00:00","guid":{"rendered":"https:\/\/linitiative.ca\/International\/la-liste-africaine-expediee-a-la-caf\/"},"modified":"2020-11-12T11:00:00","modified_gmt":"2020-11-12T16:00:00","slug":"la-liste-africaine-expediee-a-la-caf","status":"publish","type":"post","link":"https:\/\/linitiative.ca\/International\/la-liste-africaine-expediee-a-la-caf\/","title":{"rendered":"La liste africaine exp\u00e9di\u00e9e  \u00e0 la CAF"},"content":{"rendered":"<p class=\"p1 c3\"><span class=\"c2\">Le CSS a envoy\u00e9 avant-hier mardi \u00e0 la Conf\u00e9d\u00e9ration Africaine de football sa premi\u00e8re liste africaine avec laquelle il devrait disputer la Ligue africaine.\u00a0Cette premi\u00e8re liste comprend les 24 joueurs suivants:<\/span><\/p>\n<p class=\"p1 c3\"><span class=\"c2\"><strong>-Gardiens:<span class=\"Apple-converted-space\">\u00a0<\/span><\/strong><\/span><\/p>\n<p class=\"p1 c3\"><span class=\"c2\">Aymen Dahmen, Mohamed H\u00e9di Gaaloul, Sabri Ben Hassen<\/span><\/p>\n<p class=\"p1 c3\"><span class=\"c2\"><strong>-D\u00e9fensuers:\u00a0<\/strong><\/span><\/p>\n<p class=\"p1 c3\"><span class=\"c2\">Heni amamou, Alla Ghram, Mohamed Ali Jouini, Mohamed Ben Ali, GhaPith Maaroufri, Azmi Ghouma<\/span><\/p>\n<p class=\"p1 c3\"><span class=\"c2\"><strong>-Milieux de terrain:<\/strong><\/span><\/p>\n<p class=\"p1 c3\"><span class=\"c2\">Mohamed Ali\u00a0Trabelsi, Walid Karoui, Chris Kouakou, Mohamed Ali Moncer, Achraf Habassi, Abdallah Amiri, Kingsley sokari, Gha\u00efth Maaroufi, Aymen Harzi, Jassem Hamdouni, ,Houssam Ben Ali Mohamed Soula<\/span><\/p>\n<p class=\"p1 c3\"><span class=\"c2\"><strong>-Attaquants:<span class=\"Apple-converted-space\">\u00a0<\/span><\/strong><\/span><\/p>\n<p class=\"p1 c3\"><span class=\"c2\">Kingsley Uduwo, Firas Chaouat<\/span><\/p>\n<p class=\"p1 c3\"><span class=\"c2\">Retour de trois joueurs en fin de pr\u00eat<\/span><\/p>\n<p class=\"p1 c3\"><span class=\"c2\">A travers cette\u00a0liste ont pourrait faire les remarques suivantes\u00a0<\/span><\/p>\n<p class=\"p1 c3\"><span class=\"c2\">-Le retour de Moncer et de Chaouat ainsi que celui de Gha\u00efth Marroufi\u00a0tous les trois \u00e0 l\u203aissue d\u203aun pr\u00eat respectivement aux clubs Abha saoudien, Mouharraq\u00a0Bahrini et CS Chebba.<\/span><\/p>\n<p class=\"p1 c3\"><span class=\"c2\">&#8211; La pr\u00e9sence de la nouvelle recrue libyenne Mohamed Soula<\/span><\/p>\n<p class=\"p1 c3\"><span class=\"c2\">Notons, par ailleurs, que\u00a0 le CS Sfaxien pourrait ajouter \u00e0 cette premi\u00e8re liste deux autres joueurs avant le 30 novembre courant\u00a0avec lesquels il\u00a0pourrait\u00a0disputer le deuxi\u00e8me tour pr\u00e9liminaire. Notre deuxi\u00e8me repr\u00e9sentant\u00a0en champion\u2019s League pourrait aussi ajouter\u00a07 autres joueurs avant le coup d\u2019envoi de la phase des poules de l\u2019\u00e9preuve<\/span><\/p>\n<p class=\"p2 c4\"><span class=\"c2\"><strong>Ameur KERKENNI<\/strong><\/span><\/p>\n<p>Auteur: letemps1<br \/>\n<a href=\"http:\/\/www.letemps.com.tn\/article\/118057\/la-liste-africaine-exp%C3%A9di%C3%A9e-%C3%A0-la-caf\">Cliquez ici pour lire l&rsquo;article depuis sa source.<\/a><\/p>\n","protected":false},"excerpt":{"rendered":"<p>Le CSS a envoy\u00e9 avant-hier mardi \u00e0 la Conf\u00e9d\u00e9ration Africaine de football sa premi\u00e8re liste africaine avec laquelle il devrait disputer la Ligue africaine.\u00a0Cette premi\u00e8re liste comprend les 24 joueurs suivants: -Gardiens:\u00a0 Aymen Dahmen, Mohamed H\u00e9di Gaaloul, Sabri Ben Hassen -D\u00e9fensuers:\u00a0 Heni amamou, Alla Ghram, Mohamed Ali Jouini, Mohamed Ben Ali, GhaPith Maaroufri, Azmi Ghouma [&hellip;]<\/p>\n","protected":false},"author":1773,"featured_media":0,"comment_status":"closed","ping_status":"closed","sticky":false,"template":"","format":"standard","meta":{"fifu_image_url":"","fifu_image_alt":"","footnotes":""},"categories":[73,55],"tags":[],"class_list":["post-104497","post","type-post","status-publish","format-standard","hentry","category-actualite","category-tunisie"],"_links":{"self":[{"href":"https:\/\/linitiative.ca\/International\/wp-json\/wp\/v2\/posts\/104497","targetHints":{"allow":["GET"]}}],"collection":[{"href":"https:\/\/linitiative.ca\/International\/wp-json\/wp\/v2\/posts"}],"about":[{"href":"https:\/\/linitiative.ca\/International\/wp-json\/wp\/v2\/types\/post"}],"author":[{"embeddable":true,"href":"https:\/\/linitiative.ca\/International\/wp-json\/wp\/v2\/users\/1773"}],"replies":[{"embeddable":true,"href":"https:\/\/linitiative.ca\/International\/wp-json\/wp\/v2\/comments?post=104497"}],"version-history":[{"count":0,"href":"https:\/\/linitiative.ca\/International\/wp-json\/wp\/v2\/posts\/104497\/revisions"}],"wp:attachment":[{"href":"https:\/\/linitiative.ca\/International\/wp-json\/wp\/v2\/media?parent=104497"}],"wp:term":[{"taxonomy":"category","embeddable":true,"href":"https:\/\/linitiative.ca\/International\/wp-json\/wp\/v2\/categories?post=104497"},{"taxonomy":"post_tag","embeddable":true,"href":"https:\/\/linitiative.ca\/International\/wp-json\/wp\/v2\/tags?post=104497"}],"curies":[{"name":"wp","href":"https:\/\/api.w.org\/{rel}","templated":true}]}}