{"id":104506,"date":"2020-11-12T03:11:14","date_gmt":"2020-11-12T08:11:14","guid":{"rendered":"https:\/\/linitiative.ca\/International\/112684-football-djerad-visite-les-verts-a-la-veille-de-leur-rencontre-avec-le-zimbabwe\/"},"modified":"2020-11-12T03:11:14","modified_gmt":"2020-11-12T08:11:14","slug":"112684-football-djerad-visite-les-verts-a-la-veille-de-leur-rencontre-avec-le-zimbabwe","status":"publish","type":"post","link":"https:\/\/linitiative.ca\/International\/112684-football-djerad-visite-les-verts-a-la-veille-de-leur-rencontre-avec-le-zimbabwe\/","title":{"rendered":"Football : Djerad visite les \u00ab\u00a0Verts\u00a0\u00bb avant leur rencontre contre le Zimbabwe"},"content":{"rendered":"<div>\n<div class=\"K2FeedImage\"><img decoding=\"async\" src=\"http:\/\/www.aps.dz\/media\/k2\/items\/cache\/f28931897875a5588354c0443b141341_S.jpg\" alt=\"Football : Djerad visite les \" verts avant leur rencontre contre le zimbabwe><\/div>\n<div class=\"K2FeedIntroText\">\n<p><strong>ALGER &#8211; Le Premier ministre, M. Abdelaziz Djerad a effectu\u00e9, mercredi, une visite aux \u00e9l\u00e9ments de la s\u00e9lection nationale de football au Centre technique national (CTN) de Sidi Moussa (Alger), si\u00e8ge de leur stage, en vue de les encourager \u00e0 la veille de leur rencontre (aller) contre l&rsquo;\u00e9quipe zimbabw\u00e9enne pour le compte des 3\u00e8me et 4<sup>\u00e8me<\/sup> journ\u00e9es des qualifications de la Coupe d&rsquo;Afrique des Nations 2021 pr\u00e9vue au Cameroun.<\/strong><\/p>\n<\/div>\n<div class=\"K2FeedFullText\">\n<p>Le Premier ministre qui \u00e9tait accompagn\u00e9 du Conseiller du Pr\u00e9sident de la R\u00e9publique, Abdelhafid Allahoum et du ministre de la Jeunesse et des Sports, Sid Ali Khaldi, a \u00e9t\u00e9 accueilli par le pr\u00e9sident de la F\u00e9d\u00e9ration alg\u00e9rienne de Football (FAF), Khe\u00efreddine Zetchi qui lui a pr\u00e9sent\u00e9 un aper\u00e7u des structures dont comporte le CTN de Sidi Moussa.<\/p>\n<blockquote>\n<p><em><strong>M. Djerad a eu des \u00e9changes avec le s\u00e9lectionneur national Djamel Belmadi, le capitaine d&rsquo;\u00e9quipe Riyad Mahrez et le milieu de terrain Adl\u00e8ne Guedioura.<\/strong><\/em><\/p>\n<\/blockquote>\n<p>Lors de ses \u00e9changes avec le pr\u00e9sident de la FAF et le staff technique, le Premier ministre a exhort\u00e9 l&rsquo;entraineur national et les joueurs \u00ab\u00a0\u00e0 maintenir la m\u00eame cadence des victoires pour hisser les couleurs nationales et inculquer la culture de victoire et l&rsquo;esprit positif dans les esprits des jeunes\u00a0\u00bb.<\/p>\n<p>Dans le cadre du Plan national reboisement, initi\u00e9 par le minist\u00e8re de l&rsquo;Agriculture et du d\u00e9veloppement rural visant \u00e0 planter plus d&rsquo;un million d&rsquo;arbres d&rsquo;ici fin 2020,\u00a0 M. Djerad a saisi cette occasion pour planter le premier arbre avec le s\u00e9lectionneur national et le capitaine d&rsquo;\u00e9quipe.<\/p>\n<hr>\n<p><strong>Lire aussi:\u00a0<\/strong><a href=\"http:\/\/www.aps.dz\/sport\/112634-foot-qualif-can-2021-algerie-zimbabwe-faire-un-pas-de-plus-vers-le-rendez-vous-camerounais\">CAN-2021\/Alg\u00e9rie-Zimbabwe: faire un pas de plus vers le rendez-vous camerounais<\/a><\/p>\n<hr>\n<p>A ce propos, le Premier ministre a affirm\u00e9 que \u00ab\u00a0cette campagne de reboisement intervient suite aux feux de for\u00eat qui se sont d\u00e9clar\u00e9s r\u00e9cemment dans diverses wilayas en causant au patrimoine forestier d&rsquo;importants d\u00e9g\u00e2ts\u00a0\u00bb.<\/p>\n<p>\u00ab\u00a0Nous avons donn\u00e9, en tant que geste symbolique, le coup d&rsquo;envoi de l&rsquo;op\u00e9ration de reboisement avec les \u00e9l\u00e9ments de la s\u00e9lection nationale depuis le centre de Sidi Moussa pour faire passer un message \u00e0 la jeunesse alg\u00e9rienne sur l&rsquo;importance de l&rsquo;arbre et la pr\u00e9servation de l&rsquo;environnement\u00a0\u00bb, a-t-il soulign\u00e9.<\/p>\n<p>Pour rappel, L\u2019Alg\u00e9rie recevra le Zimbabwe jeudi au stade olympique du 5-juillet (20h00), avant de se d\u00e9placer quatre jours plus tard \u00e0 Harare pour d\u00e9fier les \u00a0\u00bb Warriors \u00a0\u00bb en match comptant pour la 4e journ\u00e9e.<\/p>\n<p>A l&rsquo;issue de la 2e journ\u00e9e, l&rsquo;Alg\u00e9rie occupe la 1re place avec 6 points, devant respectivement le Zimbabwe (4 pts) et le Botswana (1 pt), alors que la Zambie ferme la marche avec 0 point.<\/p>\n<p>Les deux premiers du groupe se qualifieront pour la phase finale de la CAN pr\u00e9vue initialement en 2021 au Cameroun avant d&rsquo;\u00eatre report\u00e9e \u00e0 2022 en raison de la pand\u00e9mie Covid-19.<\/p>\n<\/div>\n<p><img loading=\"lazy\" decoding=\"async\" src=\"http:\/\/feeds.feedburner.com\/~r\/aps-sport\/~4\/AK-ud-vBbDE\" height=\"1\" width=\"1\" alt=\"\">\n<\/div>\n<p>Auteur:<br \/>\n<a href=\"http:\/\/www.aps.dz\/sport\/112684-football-djerad-visite-les-verts-a-la-veille-de-leur-rencontre-avec-le-zimbabwe?utm_source=feedburner&#038;utm_medium=feed&#038;utm_campaign=Feed%3A+aps-sport+%28APS+-+SPORT%29\">Cliquez ici pour lire l&rsquo;article depuis sa source.<\/a><\/p>\n","protected":false},"excerpt":{"rendered":"<p>ALGER &#8211; Le Premier ministre, M. Abdelaziz Djerad a effectu\u00e9, mercredi, une visite aux \u00e9l\u00e9ments de la s\u00e9lection nationale de football au Centre technique national (CTN) de Sidi Moussa (Alger), si\u00e8ge de leur stage, en vue de les encourager \u00e0 la veille de leur rencontre (aller) contre l&rsquo;\u00e9quipe zimbabw\u00e9enne pour le compte des 3\u00e8me et [&hellip;]<\/p>\n","protected":false},"author":1790,"featured_media":104507,"comment_status":"closed","ping_status":"closed","sticky":false,"template":"","format":"standard","meta":{"fifu_image_url":"","fifu_image_alt":"","footnotes":""},"categories":[53,75],"tags":[],"class_list":["post-104506","post","type-post","status-publish","format-standard","has-post-thumbnail","hentry","category-algerie","category-sport"],"_links":{"self":[{"href":"https:\/\/linitiative.ca\/International\/wp-json\/wp\/v2\/posts\/104506","targetHints":{"allow":["GET"]}}],"collection":[{"href":"https:\/\/linitiative.ca\/International\/wp-json\/wp\/v2\/posts"}],"about":[{"href":"https:\/\/linitiative.ca\/International\/wp-json\/wp\/v2\/types\/post"}],"author":[{"embeddable":true,"href":"https:\/\/linitiative.ca\/International\/wp-json\/wp\/v2\/users\/1790"}],"replies":[{"embeddable":true,"href":"https:\/\/linitiative.ca\/International\/wp-json\/wp\/v2\/comments?post=104506"}],"version-history":[{"count":0,"href":"https:\/\/linitiative.ca\/International\/wp-json\/wp\/v2\/posts\/104506\/revisions"}],"wp:featuredmedia":[{"embeddable":true,"href":"https:\/\/linitiative.ca\/International\/wp-json\/"}],"wp:attachment":[{"href":"https:\/\/linitiative.ca\/International\/wp-json\/wp\/v2\/media?parent=104506"}],"wp:term":[{"taxonomy":"category","embeddable":true,"href":"https:\/\/linitiative.ca\/International\/wp-json\/wp\/v2\/categories?post=104506"},{"taxonomy":"post_tag","embeddable":true,"href":"https:\/\/linitiative.ca\/International\/wp-json\/wp\/v2\/tags?post=104506"}],"curies":[{"name":"wp","href":"https:\/\/api.w.org\/{rel}","templated":true}]}}