{"id":104516,"date":"2020-11-12T04:58:28","date_gmt":"2020-11-12T09:58:28","guid":{"rendered":"https:\/\/linitiative.ca\/International\/des-deputes-des-partis-dits-du-pouvoir-critiques-envers-laction-du-gouvernement-eveil-tardif-ou-campagne-electorale-precoce\/"},"modified":"2020-11-12T04:58:28","modified_gmt":"2020-11-12T09:58:28","slug":"des-deputes-des-partis-dits-du-pouvoir-critiques-envers-laction-du-gouvernement-eveil-tardif-ou-campagne-electorale-precoce","status":"publish","type":"post","link":"https:\/\/linitiative.ca\/International\/des-deputes-des-partis-dits-du-pouvoir-critiques-envers-laction-du-gouvernement-eveil-tardif-ou-campagne-electorale-precoce\/","title":{"rendered":"Des d\u00e9put\u00e9s des partis dits du pouvoir critiques envers l\u2019action du gouvernement : Eveil tardif ou campagne \u00e9lectorale pr\u00e9coce"},"content":{"rendered":"<h4 class=\"title-14\"\/>\n<div class=\"featured_image\"><img loading=\"lazy\" decoding=\"async\" width=\"1200\" height=\"745\" src=\"https:\/\/www.elwatan.com\/wp-content\/uploads\/2020\/11\/APN.jpg\" class=\"attachment-post-thumbnail size-post-thumbnail wp-post-image\" alt=\"\" srcset=\"https:\/\/www.elwatan.com\/wp-content\/uploads\/2020\/11\/APN.jpg 1200w, https:\/\/www.elwatan.com\/wp-content\/uploads\/2020\/11\/APN-300x186.jpg 300w, https:\/\/www.elwatan.com\/wp-content\/uploads\/2020\/11\/APN-768x477.jpg 768w, https:\/\/www.elwatan.com\/wp-content\/uploads\/2020\/11\/APN-1024x636.jpg 1024w\" sizes=\"auto, (max-width: 1200px) 100vw, 1200px\"\/><\/div>\n<p class=\"p3\"><span class=\"s2\"><strong>Des d\u00e9put\u00e9s des partis dits du pouvoir, FLN et RND notamment, ont exprim\u00e9, mardi, \u00e0 l\u2019occasion du d\u00e9bat relatif au Projet de loi de finances (PLF) 2021, des critiques acerbes envers l\u2019action du gouvernement. S\u2019agit-il d\u2019un \u00e9veil tardif, question de se donner un peu de cr\u00e9dibilit\u00e9 afin de tenter de faire taire les critiques, ou les futures \u00e9ch\u00e9ances qui sont dans les esprits des membres de l\u2019APN, sachant que le pr\u00e9sident de la R\u00e9publique s\u2019\u00e9tait engag\u00e9 \u00e0 organiser des \u00e9lections locales et l\u00e9gislatives anticip\u00e9es\u00a0?<\/strong><\/span><\/p>\n<p class=\"p3\"><span class=\"s2\"><strong>P<\/strong><\/span><span class=\"s1\">lusieurs d\u00e9put\u00e9s sont intervenus, mardi, lors du d\u00e9bat relatif au Projet de loi de finances (PLF) 2021.\u00a0<\/span><span class=\"c4\">S\u2019il est tout \u00e0 fait logique que les partis islamistes, qui ont appel\u00e9 \u00e0 voter \u00abnon\u00bb \u00e0 la nouvelle Constitution, un r\u00e9f\u00e9rendum marqu\u00e9, faut-il le rappeler, par un fort taux de d\u00e9saffection (23,7% de participation), principalement le MSP de Abderrazak Makri et le FJD de Abdallah Djaballah, des d\u00e9put\u00e9s des partis dits du pouvoir ont cr\u00e9\u00e9 la surprise en exprimant des avis assez critiques envers l\u2019action du gouvernement, allant m\u00eame dans certains cas jusqu\u2019\u00e0 sugg\u00e9rer un remaniement pour d\u00e9faut d\u2019efficacit\u00e9 de l\u2019actuel Ex\u00e9cutif, du moins de certains ministres.<\/span><\/p>\n<p class=\"p6\"><span class=\"s1\">A titre d\u2019exemple, le d\u00e9put\u00e9 du RND Hakim Berri a estim\u00e9, comme rapport\u00e9 par notre confr\u00e8re <em>El Khabar<\/em>, que <em>\u00able gouvernement Djerad est le plus faible\u00bb<\/em>.<\/span><\/p>\n<p class=\"p6\"><span class=\"s1\">Celui-ci est m\u00eame all\u00e9 jusqu\u2019\u00e0 affirmer qu\u2019<em>\u00abil y a un gouvernement de l\u2019ombre\u00bb. \u00abOn est sorti de l\u2019histoire du fr\u00e8re du Pr\u00e9sident pour arriver \u00e0 celle de l\u2019ami conseiller\u00bb<\/em>, dira-t-il, avant d\u2019exprimer la n\u00e9cessit\u00e9 de <em>\u00abfaire une lecture du taux de participation au r\u00e9f\u00e9rendum sur la Constitution\u00bb<\/em>. Salah Dekhili, lui, de la m\u00eame formation politique, a fait noter qu\u2019<em>\u00abil n\u2019y a pas eu de r\u00e9ponses par rapport au d\u00e9ficit de la balance commerciale\u00bb<\/em>.<\/span><\/p>\n<p class=\"p6\"><span class=\"s1\">Des d\u00e9put\u00e9s du FLN ont \u00e9galement exprim\u00e9 d\u2019acerbes critiques \u00e0 l\u2019encontre des membres du gouvernement. C\u2019est le cas de Lyes Saadi, qui s\u2019en est pris aux ministres des Ressources en eau et de l\u2019Industrie.<\/span><\/p>\n<p class=\"p6\"><span class=\"s1\">La d\u00e9put\u00e9e de ce m\u00eame parti pour la wilaya de Jijel, Faiza Bouhama, a quant \u00e0 elle mis en relief les insuffisances du secteur de la sant\u00e9 et, par cons\u00e9quent, de la prise en charge des malades contamin\u00e9s par le coronavirus dans sa circonscription administrative.<\/span><\/p>\n<p class=\"p6\"><span class=\"s1\">Qu\u2019est-ce qui a fait que les d\u00e9put\u00e9s de ces deux partis politiques, qui g\u00e9n\u00e9ralement ne s\u2019expriment que pour soutenir les actions de l\u2019Ex\u00e9cutif, si ce n\u2019est pour des questions d\u00e9risoires, se mettent soudainement \u00e0 critiquer des ministres\u00a0?<\/span><\/p>\n<p class=\"p6\"><span class=\"s1\">Il faut dire que ces deux formations politiques ont eu \u00e0 adopter, par le pass\u00e9, pareille attitude, et c\u2019\u00e9tait souvent \u00e0 la veille d\u2019\u00e9ch\u00e9ances \u00e9lectorales. Bien \u00e9videmment, tout en faisant en sorte que finalement les textes propos\u00e9s soient vot\u00e9s.<\/span><\/p>\n<p class=\"p6\"><span class=\"s1\">Dans cet ordre, il se pourrait que c\u2019est la perspective d\u2019une \u00e9lection l\u00e9gislative anticip\u00e9e, le chef de l\u2019Etat s\u2019\u00e9tant engag\u00e9 \u00e0 dissoudre l\u2019APN apr\u00e8s le r\u00e9f\u00e9rendum sur la Constitution, qui fait courir plus d\u2019un.<\/span><\/p>\n<p class=\"p6\"><span class=\"s1\">En d\u2019autres termes, il s\u2019agirait pour eux de profiter de la tribune offerte pour faire campagne. Parce que ce sont les m\u00eames d\u00e9put\u00e9s, ayant avalis\u00e9 sans \u00e9mettre la moindre critique le projet de r\u00e9vision constitutionnel, la loi sur les hydrocarbures ou la loi de finances 2020, entre autres, qui sont toujours l\u00e0.<\/span><\/p>\n<p class=\"p6\"><span class=\"s1\">Beaucoup d\u2019Alg\u00e9riens n\u2019ont cess\u00e9 de r\u00e9clamer la dissolution de cette APN discr\u00e9dit\u00e9e, notamment, apr\u00e8s les r\u00e9v\u00e9lations faites, d\u00e9but septembre, \u00e0 l\u2019occasion du proc\u00e8s du d\u00e9put\u00e9 Baha Eddine Tliba relatives \u00e0 l\u2019achat des postes de candidature, au sein du FLN, lors des l\u00e9gislatives de 2017.<\/span><\/p>\n<p class=\"p6\"><span class=\"s1\">Les d\u00e9put\u00e9s en poste sont-ils certains que les \u00e9lections l\u00e9gislatives se tiendront dans les quelques mois \u00e0 venir\u00a0? Probablement, si la pr\u00e9sidence de la R\u00e9publique maintient sa feuille de route\u2026<\/span><\/p>\n<p><span class=\"post-views-label\">Post Views:<\/span> <span class=\"post-views-count\">1\u00a0340<\/span><\/p>\n<div class=\"ichhar-moneytagnative c5\" id=\"ichhar-1552396273\">\n<p>Advertisements<\/p>\n<\/div>\n<p><br class=\"c2\"\/><br class=\"c6\"\/><\/p>\n<p>Auteur: Anis Khecheba<br \/>\n<a href=\"https:\/\/www.elwatan.com\/edition\/actualite\/eveil-tardif-ou-campagne-electorale-precoce-12-11-2020\">Cliquez ici pour lire l&rsquo;article depuis sa source.<\/a><\/p>\n","protected":false},"excerpt":{"rendered":"<p>Des d\u00e9put\u00e9s des partis dits du pouvoir, FLN et RND notamment, ont exprim\u00e9, mardi, \u00e0 l\u2019occasion du d\u00e9bat relatif au Projet de loi de finances (PLF) 2021, des critiques acerbes envers l\u2019action du gouvernement. S\u2019agit-il d\u2019un \u00e9veil tardif, question de se donner un peu de cr\u00e9dibilit\u00e9 afin de tenter de faire taire les critiques, ou [&hellip;]<\/p>\n","protected":false},"author":1743,"featured_media":104517,"comment_status":"closed","ping_status":"closed","sticky":false,"template":"","format":"standard","meta":{"fifu_image_url":"","fifu_image_alt":"","footnotes":""},"categories":[73,53],"tags":[],"class_list":["post-104516","post","type-post","status-publish","format-standard","has-post-thumbnail","hentry","category-actualite","category-algerie"],"_links":{"self":[{"href":"https:\/\/linitiative.ca\/International\/wp-json\/wp\/v2\/posts\/104516","targetHints":{"allow":["GET"]}}],"collection":[{"href":"https:\/\/linitiative.ca\/International\/wp-json\/wp\/v2\/posts"}],"about":[{"href":"https:\/\/linitiative.ca\/International\/wp-json\/wp\/v2\/types\/post"}],"author":[{"embeddable":true,"href":"https:\/\/linitiative.ca\/International\/wp-json\/wp\/v2\/users\/1743"}],"replies":[{"embeddable":true,"href":"https:\/\/linitiative.ca\/International\/wp-json\/wp\/v2\/comments?post=104516"}],"version-history":[{"count":0,"href":"https:\/\/linitiative.ca\/International\/wp-json\/wp\/v2\/posts\/104516\/revisions"}],"wp:featuredmedia":[{"embeddable":true,"href":"https:\/\/linitiative.ca\/International\/wp-json\/"}],"wp:attachment":[{"href":"https:\/\/linitiative.ca\/International\/wp-json\/wp\/v2\/media?parent=104516"}],"wp:term":[{"taxonomy":"category","embeddable":true,"href":"https:\/\/linitiative.ca\/International\/wp-json\/wp\/v2\/categories?post=104516"},{"taxonomy":"post_tag","embeddable":true,"href":"https:\/\/linitiative.ca\/International\/wp-json\/wp\/v2\/tags?post=104516"}],"curies":[{"name":"wp","href":"https:\/\/api.w.org\/{rel}","templated":true}]}}