{"id":104520,"date":"2020-11-12T06:01:00","date_gmt":"2020-11-12T11:01:00","guid":{"rendered":"https:\/\/linitiative.ca\/International\/le-commerce-exterieur-tunisien-a-la-baisse-et-amelioration-du-taux-de-couverture\/"},"modified":"2020-11-12T06:01:00","modified_gmt":"2020-11-12T11:01:00","slug":"le-commerce-exterieur-tunisien-a-la-baisse-et-amelioration-du-taux-de-couverture","status":"publish","type":"post","link":"https:\/\/linitiative.ca\/International\/le-commerce-exterieur-tunisien-a-la-baisse-et-amelioration-du-taux-de-couverture\/","title":{"rendered":"Le commerce ext\u00e9rieur tunisien \u00e0 la baisse&#8230; et am\u00e9lioration du taux de couverture"},"content":{"rendered":"<p>Le Covid-19 a lourdement impact\u00e9 le commerce ext\u00e9rieur tunisien d\u00e9j\u00e0 soumis \u00e0 rude \u00e9preuve. Le r\u00e9tr\u00e9cissement de l\u2019acc\u00e8s de nos produits manufactur\u00e9s \u00e0 de nombreux march\u00e9s, alors que nos importations hors \u00e9nergie n\u2019ont cess\u00e9 de grimper, ont de plus \u00e9t\u00e9 ob\u00e9r\u00e9s par la fermeture \u00e0 plusieurs reprises des fronti\u00e8res avec la Libye et les restrictions quant \u00e0 l\u2019Alg\u00e9rie. Le confinement impos\u00e9 ici et l\u00e0, l\u2019arr\u00eat, puis la reprise ralentie du transport international ont r\u00e9duit le volume et la fr\u00e9quence des \u00e9changes commerciaux. Du coup, les indicateurs sont \u00e0 la baisse, \u00e0 l\u2019import comme \u00e0 l\u2019export, avec cependant une am\u00e9lioration du taux de couverture.<\/p>\n<p>Les \u00e9changes commerciaux ext\u00e9rieurs ont en effet enregistr\u00e9 au cours des neuf premiers mois de l\u2019ann\u00e9e 2020, une baisse de 16,6% des exportations (totalisant 2 7537 MD) et de 21,3% des importations qui ont atteint 37 673,4 MD. Le d\u00e9ficit de la balance commerciale s\u2019est r\u00e9duit de 4 711,6 MD, se situant \u00e0 hauteur de 10 136,5 MD, contre 14 481,1 MD pour la m\u00eame p\u00e9riode en 2019. Le taux de couverture passe ainsi de 69% \u00e0 73,1%. L\u2019analyse sectorielle des exportations d\u00e9gage une baisse sensible des secteurs textiles, habillement, cuir et chaussure (5 770,8 MD contre 7 042,3 en 2019), et les industries m\u00e9caniques et \u00e9lectriques (12 113,2 MD contre 15 162,7 MD). A l\u2019import, les IME ont baiss\u00e9 de 23,5% et les textiles et chaussures de 21,7%.<\/p>\n<p>Sur le plan g\u00e9ographique, les \u00e9changes avec l\u2019Union europ\u00e9enne, principal partenaire \u00e9conomique accaparant 73,7% de notre commerce, ont r\u00e9gress\u00e9 de 17,3% en exportations et de 25,39% en importations. En Asie, la Chine repr\u00e9sente 23% du d\u00e9ficit total de la balance commerciale tunisienne, avec des importations en l\u00e9g\u00e8re baisse mais qui restent \u00e0 4 091,23 MD (contre 4 544,14 MD en 2019). La m\u00eame tendance est relev\u00e9e avec la Turquie qui vient en deuxi\u00e8me position de d\u00e9ficit de la balance commerciale repr\u00e9sentant 9%, malgr\u00e9 une baisse des importations de 2 862,6 MD en 2019 \u00e0 1 887,40 en 2020.<\/p>\n<p>Auteur:<br \/>\n<a href=\"https:\/\/www.leaders.com.tn\/article\/30918-le-commerce-exterieur-tunisien-a-la-baisse-et-amelioration-du-taux-de-couverture\">Cliquez ici pour lire l&rsquo;article depuis sa source.<\/a><\/p>\n","protected":false},"excerpt":{"rendered":"<p>Le Covid-19 a lourdement impact\u00e9 le commerce ext\u00e9rieur tunisien d\u00e9j\u00e0 soumis \u00e0 rude \u00e9preuve. Le r\u00e9tr\u00e9cissement de l\u2019acc\u00e8s de nos produits manufactur\u00e9s \u00e0 de nombreux march\u00e9s, alors que nos importations hors \u00e9nergie n\u2019ont cess\u00e9 de grimper, ont de plus \u00e9t\u00e9 ob\u00e9r\u00e9s par la fermeture \u00e0 plusieurs reprises des fronti\u00e8res avec la Libye et les restrictions [&hellip;]<\/p>\n","protected":false},"author":1772,"featured_media":0,"comment_status":"closed","ping_status":"closed","sticky":false,"template":"","format":"standard","meta":{"fifu_image_url":"","fifu_image_alt":"","footnotes":""},"categories":[73,55],"tags":[],"class_list":["post-104520","post","type-post","status-publish","format-standard","hentry","category-actualite","category-tunisie"],"_links":{"self":[{"href":"https:\/\/linitiative.ca\/International\/wp-json\/wp\/v2\/posts\/104520","targetHints":{"allow":["GET"]}}],"collection":[{"href":"https:\/\/linitiative.ca\/International\/wp-json\/wp\/v2\/posts"}],"about":[{"href":"https:\/\/linitiative.ca\/International\/wp-json\/wp\/v2\/types\/post"}],"author":[{"embeddable":true,"href":"https:\/\/linitiative.ca\/International\/wp-json\/wp\/v2\/users\/1772"}],"replies":[{"embeddable":true,"href":"https:\/\/linitiative.ca\/International\/wp-json\/wp\/v2\/comments?post=104520"}],"version-history":[{"count":0,"href":"https:\/\/linitiative.ca\/International\/wp-json\/wp\/v2\/posts\/104520\/revisions"}],"wp:attachment":[{"href":"https:\/\/linitiative.ca\/International\/wp-json\/wp\/v2\/media?parent=104520"}],"wp:term":[{"taxonomy":"category","embeddable":true,"href":"https:\/\/linitiative.ca\/International\/wp-json\/wp\/v2\/categories?post=104520"},{"taxonomy":"post_tag","embeddable":true,"href":"https:\/\/linitiative.ca\/International\/wp-json\/wp\/v2\/tags?post=104520"}],"curies":[{"name":"wp","href":"https:\/\/api.w.org\/{rel}","templated":true}]}}