{"id":104525,"date":"2020-11-12T13:40:00","date_gmt":"2020-11-12T18:40:00","guid":{"rendered":"https:\/\/linitiative.ca\/International\/la-petite-histoire-du-grenadier-tunisien-album-photos\/"},"modified":"2020-11-12T13:40:00","modified_gmt":"2020-11-12T18:40:00","slug":"la-petite-histoire-du-grenadier-tunisien-album-photos","status":"publish","type":"post","link":"https:\/\/linitiative.ca\/International\/la-petite-histoire-du-grenadier-tunisien-album-photos\/","title":{"rendered":"La petite histoire du grenadier tunisien (Album photos)"},"content":{"rendered":"<p>De tous les arbres fruitiers cultiv\u00e9s en Tunisie, le grenadier fossilis\u00e9 est le plus ancien puisqu\u2019il remonte au d\u00e9but de l\u2019\u00e2ge de bronze. Introduit par les ph\u00e9niciens il y a 5000 ans qui ont \u00e9t\u00e9 relay\u00e9s via l&rsquo;Andalousie au VIIIe si\u00e8cle par les Arabes, le grenadier a vu son aire de r\u00e9partition s&rsquo;\u00e9tendre de l\u2019Asie centrale \u00e0 l\u2019Afrique du Nord o\u00f9 il a \u00e9t\u00e9 introduit au VIIIe si\u00e8cle via l\u2019Andalousie autour de la ville d\u2019Elvira qui sera rebaptis\u00e9e Grenade.<\/p>\n<p>En Tunisie, ce fruit est appr\u00e9ci\u00e9 pour son go\u00fbt et ses vertus m\u00e9dicinales, notamment les maladies cardiovasculaires et l\u2019arthrite et certains cancers selon des \u00e9tudes scientifiques. Le grenadier est cultiv\u00e9<span class=\"c3\">\u00a0<\/span> \u00e0 Sidi Bouzid, au nord-ouest et surtout dans la r\u00e9gion de Gab\u00e8s\u00a0 c\u00e9l\u00e8bre pour ses grenadiers d\u00e8s le moyen-\u00e2ge pour leur qualit\u00e9 exceptionnelle. En 2018, cette r\u00e9gion a accapar\u00e9 pr\u00e8s de 40% de la totalit\u00e9 de<span class=\"c3\">\u00a0<\/span> la production tunisenne. <span class=\"c3\">\u00a0<\/span><\/p>\n<p>Auteur:<br \/>\n<a href=\"https:\/\/www.leaders.com.tn\/article\/30923-la-petite-histoire-du-grenadier-tunisien-album-photos\">Cliquez ici pour lire l&rsquo;article depuis sa source.<\/a><\/p>\n","protected":false},"excerpt":{"rendered":"<p>De tous les arbres fruitiers cultiv\u00e9s en Tunisie, le grenadier fossilis\u00e9 est le plus ancien puisqu\u2019il remonte au d\u00e9but de l\u2019\u00e2ge de bronze. Introduit par les ph\u00e9niciens il y a 5000 ans qui ont \u00e9t\u00e9 relay\u00e9s via l&rsquo;Andalousie au VIIIe si\u00e8cle par les Arabes, le grenadier a vu son aire de r\u00e9partition s&rsquo;\u00e9tendre de l\u2019Asie [&hellip;]<\/p>\n","protected":false},"author":1772,"featured_media":0,"comment_status":"closed","ping_status":"closed","sticky":false,"template":"","format":"standard","meta":{"fifu_image_url":"","fifu_image_alt":"","footnotes":""},"categories":[73,55],"tags":[],"class_list":["post-104525","post","type-post","status-publish","format-standard","hentry","category-actualite","category-tunisie"],"_links":{"self":[{"href":"https:\/\/linitiative.ca\/International\/wp-json\/wp\/v2\/posts\/104525","targetHints":{"allow":["GET"]}}],"collection":[{"href":"https:\/\/linitiative.ca\/International\/wp-json\/wp\/v2\/posts"}],"about":[{"href":"https:\/\/linitiative.ca\/International\/wp-json\/wp\/v2\/types\/post"}],"author":[{"embeddable":true,"href":"https:\/\/linitiative.ca\/International\/wp-json\/wp\/v2\/users\/1772"}],"replies":[{"embeddable":true,"href":"https:\/\/linitiative.ca\/International\/wp-json\/wp\/v2\/comments?post=104525"}],"version-history":[{"count":0,"href":"https:\/\/linitiative.ca\/International\/wp-json\/wp\/v2\/posts\/104525\/revisions"}],"wp:attachment":[{"href":"https:\/\/linitiative.ca\/International\/wp-json\/wp\/v2\/media?parent=104525"}],"wp:term":[{"taxonomy":"category","embeddable":true,"href":"https:\/\/linitiative.ca\/International\/wp-json\/wp\/v2\/categories?post=104525"},{"taxonomy":"post_tag","embeddable":true,"href":"https:\/\/linitiative.ca\/International\/wp-json\/wp\/v2\/tags?post=104525"}],"curies":[{"name":"wp","href":"https:\/\/api.w.org\/{rel}","templated":true}]}}