{"id":104527,"date":"2020-11-12T05:00:00","date_gmt":"2020-11-12T10:00:00","guid":{"rendered":"https:\/\/linitiative.ca\/International\/preferer-lavant-a-lapres-ou-le-contraire\/"},"modified":"2020-11-12T05:00:00","modified_gmt":"2020-11-12T10:00:00","slug":"preferer-lavant-a-lapres-ou-le-contraire","status":"publish","type":"post","link":"https:\/\/linitiative.ca\/International\/preferer-lavant-a-lapres-ou-le-contraire\/","title":{"rendered":"Pr\u00e9f\u00e9rer l\u2019avant \u00e0 l\u2019apr\u00e8s ou le contraire ?"},"content":{"rendered":"<p class=\"c4\">Il est ind\u00e9niable que rien ne pourra changer la trajectoire impos\u00e9e par la pand\u00e9mie, y compris pour ceux qui pensaient n\u2019en faire qu\u2019une bouch\u00e9e en lui substituant une gestion opaque de la situation.\u00a0<br \/>En tout \u00e9tat de cause, il y aura un avant et un apr\u00e8s-coronavirus. Un mal dont personne ne ma\u00eetrise l\u2019ensemble des effets ni n\u2019a une repr\u00e9sentation totale de lendemains que l\u2019on n\u2019ose imaginer autrement que plus g\u00e9n\u00e9reux, tellement la menace est \u00e9lev\u00e9e.\u00a0<br \/>Bien s\u00fbr, on\u00a0 parle de vaccin, les laboratoires se disputent la primaut\u00e9 d\u2019un rem\u00e8de pas encore tout \u00e0 fait au point, mais\u00a0 la r\u00e9alit\u00e9 est l\u00e0. Elle impose \u00e0 chacun d\u2019\u00eatre patient en esp\u00e9rant \u00e9chapper au pire.\u00a0<br \/>La proximit\u00e9 avec le danger aurait-elle la moindre chance d\u2019influer sur les r\u00e9fractaires \u00e0 toute discipline qui ne soit pas pr\u00f4n\u00e9e par le seul imam du quartier ? Ceux qui ont une s\u00e9rieuse connaissance des risques savent par exp\u00e9rience qu\u2019apr\u00e8s avoir c\u00f4toy\u00e9 la mort de pr\u00e8s, les mentalit\u00e9s se transforment.\u00a0<br \/>En attendant une prise de conscience de tous les citoyens qui\u00a0 refusent de se prot\u00e9ger, histoire de faire un pied de nez \u00e0 une autorit\u00e9 sourde \u00e0 leurs attentes, j\u2019avoue, et ce n\u2019est pas la premi\u00e8re fois que j\u2019en parle, \u00eatre s\u00e9rieusement troubl\u00e9e par ces chiffres que l\u2019on nous communique.\u00a0<br \/>Des chiffres qui n\u2019ont aucune chance d\u2019influer sur le comportement des gens qui vont et viennent sans tenir compte des informations qui leur sont livr\u00e9es et pas plus des recommandations.\u00a0<br \/>Ces derniers jours, les informations concernant certains des anciens ministres incarc\u00e9r\u00e9s, qui seraient positifs au coronavirus, m\u2019ont remis en m\u00e9moire les r\u00e9clamations d\u2019Ould Abb\u00e8s, pour ne citer que<br \/>l\u2019exemple de ce dernier ! C\u2019est \u00e9trange comme les choses prennent un sens diff\u00e9rent selon qu\u2019elles concernent un citoyen lambda ou un ancien haut responsable qui a lourdement faut\u00e9.\u00a0<br \/>L\u2019\u00e2ge avanc\u00e9 que son avocat a \u00e9voqu\u00e9 n\u2019a pourtant pas emp\u00each\u00e9 ce dernier de faire les grosses affaires dont on l\u2019accuse et pour lesquelles il est l\u00e0 o\u00f9 il est et d\u2019o\u00f9 il a envie de s\u2019extraire ! Il para\u00eet que Ould Abb\u00e8s est vieux, malade et donc plus expos\u00e9 que d\u2019autres au coronavirus qui, pourtant, menace tous les Alg\u00e9riens.<br \/><em><strong>M. B.\u00a0\u00a0<\/strong><\/em><\/p>\n<p>Auteur:<br \/>\n<a href=\"https:\/\/www.lesoirdalgerie.com\/soit-dit-en-passant\/preferer-lavant-a-lapres-ou-le-contraire-51287\">Cliquez ici pour lire l&rsquo;article depuis sa source.<\/a><\/p>\n","protected":false},"excerpt":{"rendered":"<p>Il est ind\u00e9niable que rien ne pourra changer la trajectoire impos\u00e9e par la pand\u00e9mie, y compris pour ceux qui pensaient n\u2019en faire qu\u2019une bouch\u00e9e en lui substituant une gestion opaque de la situation.\u00a0En tout \u00e9tat de cause, il y aura un avant et un apr\u00e8s-coronavirus. Un mal dont personne ne ma\u00eetrise l\u2019ensemble des effets ni [&hellip;]<\/p>\n","protected":false},"author":1741,"featured_media":0,"comment_status":"closed","ping_status":"closed","sticky":false,"template":"","format":"standard","meta":{"fifu_image_url":"","fifu_image_alt":"","footnotes":""},"categories":[73,53],"tags":[],"class_list":["post-104527","post","type-post","status-publish","format-standard","hentry","category-actualite","category-algerie"],"_links":{"self":[{"href":"https:\/\/linitiative.ca\/International\/wp-json\/wp\/v2\/posts\/104527","targetHints":{"allow":["GET"]}}],"collection":[{"href":"https:\/\/linitiative.ca\/International\/wp-json\/wp\/v2\/posts"}],"about":[{"href":"https:\/\/linitiative.ca\/International\/wp-json\/wp\/v2\/types\/post"}],"author":[{"embeddable":true,"href":"https:\/\/linitiative.ca\/International\/wp-json\/wp\/v2\/users\/1741"}],"replies":[{"embeddable":true,"href":"https:\/\/linitiative.ca\/International\/wp-json\/wp\/v2\/comments?post=104527"}],"version-history":[{"count":0,"href":"https:\/\/linitiative.ca\/International\/wp-json\/wp\/v2\/posts\/104527\/revisions"}],"wp:attachment":[{"href":"https:\/\/linitiative.ca\/International\/wp-json\/wp\/v2\/media?parent=104527"}],"wp:term":[{"taxonomy":"category","embeddable":true,"href":"https:\/\/linitiative.ca\/International\/wp-json\/wp\/v2\/categories?post=104527"},{"taxonomy":"post_tag","embeddable":true,"href":"https:\/\/linitiative.ca\/International\/wp-json\/wp\/v2\/tags?post=104527"}],"curies":[{"name":"wp","href":"https:\/\/api.w.org\/{rel}","templated":true}]}}