{"id":104529,"date":"2020-11-12T05:00:00","date_gmt":"2020-11-12T10:00:00","guid":{"rendered":"https:\/\/linitiative.ca\/International\/lislamisme-aveugle-sourd-et-amnesique\/"},"modified":"2020-11-12T05:00:00","modified_gmt":"2020-11-12T10:00:00","slug":"lislamisme-aveugle-sourd-et-amnesique","status":"publish","type":"post","link":"https:\/\/linitiative.ca\/International\/lislamisme-aveugle-sourd-et-amnesique\/","title":{"rendered":"L\u2019islamisme aveugle, sourd et amn\u00e9sique !"},"content":{"rendered":"<p class=\"c4\">Grande Mosqu\u00e9e d\u2019Alger. Aussit\u00f4t ouverte, aussit\u00f4t ferm\u00e9e. \u00c7a fait\u2026<\/p>\n<p class=\"c4\"><strong>\u2026 cher la \u00abDjamoua\u00e2\u00bb !<\/strong><\/p>\n<p class=\"c4\">Quand tu entends l\u2019islamiste dit \u00ablight\u00bb Soltani d\u00e9clarer au juge en charge de l\u2019affaire Khalifa \u00abon ne m\u2019a rien dit ! Je n\u2019\u00e9tais au courant de rien !\u00bb, t\u2019as juste envie de lui balancer \u00e0 la figure des trucs pas tr\u00e8s musulmans. Ni catholiques d\u2019ailleurs ni d\u2019aucune autre religion d\u2019amour et d\u2019apaisement. Parce que des propos pareils, tout comme les propos de tous ceux qui ont tremp\u00e9 dans l\u2019affaire Khalifa, ne t\u2019aident franchement pas \u00e0 \u00eatre dans un \u00e9tat d\u2019esprit d\u2019amour, d\u2019apaisement, encore moins de proximit\u00e9 compassionnelle avec cette smala-l\u00e0. Non ! Mon \u00e9tat d\u2019esprit actuel me pousse plut\u00f4t \u00e0 m\u2019interroger rageusement, sans retenue : son \u00abbusiness\u00bb, Moumen l\u2019a fait tout seul ? Il \u00e9tait assis dans un coin de sa pharmacie, et des avions flambant neuf ont atterri dans son arri\u00e8re-boutique ? Il prenait un gla\u00e7on avec un truc autour et soudain-tout-\u00e0-coup, on est venu lui remettre son agr\u00e9ment de banquier ainsi que les trousseaux de clefs de toutes ses succursales, c\u2019est \u00e7a ? Le Boutef\u2019 qui charge une de ses ministresses de demander par \u00e9crit, sous forme de lettre, l\u2019aide financi\u00e8re de Khalifa \u00e0 l\u2019\u00c9tat alg\u00e9rien, c\u2019est juste un p\u2019tit caprice du Clan d\u2019Oujda-Les-Deux-Mosqu\u00e9es, wakila ? Les avoirs des caisses de s\u00e9cu se sont introduits de nuit, par un tunnel creus\u00e9 clandestinement par des taupes farceuses, sous la salle des coffres de Khalifa-Bank, Pitet&rsquo; ? Ou Pitet\u2019 encore que Catherine Deneuve, G\u00e9rard Depardieu et toutes les autres stars botox\u00e9es touchaient leurs enveloppes sans que personne ici, ni Soltani ni Amar Bouzouar ne soit au courant, c\u2019est \u00e7a ? Et le T\u2019guembir, Ya Si Soltani. Et le foutage de gueules ? Bizarre tout de m\u00eame comme tout \u00e7a me fait penser \u00e0 ces tangos arr\u00eat\u00e9s par l\u2019arm\u00e9e et qui, une fois cuisin\u00e9s en interrogatoires, r\u00e9pondaient tous unanimement, en copier-coller : \u00abNous n\u2019avons jamais tu\u00e9 ni particip\u00e9 \u00e0 des attentats.\u00bb Ben non ! Bien s\u00fbr ! Vous, vous ne faisiez que la cuisine et le repassage du linge. Voire plus selon affinit\u00e9s avec l\u2019\u00e9mir ! Je fume du th\u00e9 et je reste \u00e9veill\u00e9, le cauchemar continue.<br \/><em><strong>H. L<\/strong><\/em><\/p>\n<p>Auteur:<br \/>\n<a href=\"https:\/\/www.lesoirdalgerie.com\/pousse-avec-eux\/lislamisme-aveugle-sourd-et-amnesique-51285\">Cliquez ici pour lire l&rsquo;article depuis sa source.<\/a><\/p>\n","protected":false},"excerpt":{"rendered":"<p>Grande Mosqu\u00e9e d\u2019Alger. Aussit\u00f4t ouverte, aussit\u00f4t ferm\u00e9e. \u00c7a fait\u2026 \u2026 cher la \u00abDjamoua\u00e2\u00bb ! Quand tu entends l\u2019islamiste dit \u00ablight\u00bb Soltani d\u00e9clarer au juge en charge de l\u2019affaire Khalifa \u00abon ne m\u2019a rien dit ! Je n\u2019\u00e9tais au courant de rien !\u00bb, t\u2019as juste envie de lui balancer \u00e0 la figure des trucs pas tr\u00e8s [&hellip;]<\/p>\n","protected":false},"author":1741,"featured_media":0,"comment_status":"closed","ping_status":"closed","sticky":false,"template":"","format":"standard","meta":{"fifu_image_url":"","fifu_image_alt":"","footnotes":""},"categories":[73,53],"tags":[],"class_list":["post-104529","post","type-post","status-publish","format-standard","hentry","category-actualite","category-algerie"],"_links":{"self":[{"href":"https:\/\/linitiative.ca\/International\/wp-json\/wp\/v2\/posts\/104529","targetHints":{"allow":["GET"]}}],"collection":[{"href":"https:\/\/linitiative.ca\/International\/wp-json\/wp\/v2\/posts"}],"about":[{"href":"https:\/\/linitiative.ca\/International\/wp-json\/wp\/v2\/types\/post"}],"author":[{"embeddable":true,"href":"https:\/\/linitiative.ca\/International\/wp-json\/wp\/v2\/users\/1741"}],"replies":[{"embeddable":true,"href":"https:\/\/linitiative.ca\/International\/wp-json\/wp\/v2\/comments?post=104529"}],"version-history":[{"count":0,"href":"https:\/\/linitiative.ca\/International\/wp-json\/wp\/v2\/posts\/104529\/revisions"}],"wp:attachment":[{"href":"https:\/\/linitiative.ca\/International\/wp-json\/wp\/v2\/media?parent=104529"}],"wp:term":[{"taxonomy":"category","embeddable":true,"href":"https:\/\/linitiative.ca\/International\/wp-json\/wp\/v2\/categories?post=104529"},{"taxonomy":"post_tag","embeddable":true,"href":"https:\/\/linitiative.ca\/International\/wp-json\/wp\/v2\/tags?post=104529"}],"curies":[{"name":"wp","href":"https:\/\/api.w.org\/{rel}","templated":true}]}}