{"id":104549,"date":"2020-11-12T14:18:02","date_gmt":"2020-11-12T19:18:02","guid":{"rendered":"https:\/\/linitiative.ca\/International\/mali-le-president-de-la-transition-en-tournee\/"},"modified":"2020-11-12T14:18:02","modified_gmt":"2020-11-12T19:18:02","slug":"mali-le-president-de-la-transition-en-tournee","status":"publish","type":"post","link":"https:\/\/linitiative.ca\/International\/mali-le-president-de-la-transition-en-tournee\/","title":{"rendered":"Mali : le pr\u00e9sident de la transition en tourn\u00e9e"},"content":{"rendered":"<div readability=\"32\">\n<p>Publi\u00e9 le 12.11.2020 \u00e0 20h18 par APA News<\/p>\n<\/div>\n<div readability=\"50\">\n<p>Le chef de l\u2019\u00c9tat, Bah N\u2019daw, entame ce jeudi 12 novembre un p\u00e9riple qui le conduira au Ghana, au Togo, au S\u00e9n\u00e9gal et en Guin\u00e9e Bissau.Investi le 25 septembre dernier, l\u2019officier \u00e0 la retraite effectue son premier d\u00e9placement officiel. Ze\u00efni Moulaye, ministre des Affaires \u00e9trang\u00e8res et de la Coop\u00e9ration internationale et Alhamdou Ag Ilyene, ministre des Maliens de l\u2019Ext\u00e9rieur et de l\u2019Int\u00e9gration africaine font partie de la d\u00e9l\u00e9gation pr\u00e9sidentielle.<\/p>\n<p>\u00c0 son d\u00e9part \u00e0 l\u2019A\u00e9roport International Modibo Ke\u00efta-Senou de Bamako, Bah N\u2019daw a \u00e9t\u00e9 accompagn\u00e9 par le vice-pr\u00e9sident, Colonel Assimi Go\u00efta, le Premier ministre, Moctar Ouane et les membres du gouvernement.<\/p>\n<\/div>\n<p>Auteur: APA News<br \/>\n<a href=\"https:\/\/www.journalducameroun.com\/mali-le-president-de-la-transition-en-tournee\/\">Cliquez ici pour lire l&rsquo;article depuis sa source.<\/a><\/p>\n","protected":false},"excerpt":{"rendered":"<p>Publi\u00e9 le 12.11.2020 \u00e0 20h18 par APA News Le chef de l\u2019\u00c9tat, Bah N\u2019daw, entame ce jeudi 12 novembre un p\u00e9riple qui le conduira au Ghana, au Togo, au S\u00e9n\u00e9gal et en Guin\u00e9e Bissau.Investi le 25 septembre dernier, l\u2019officier \u00e0 la retraite effectue son premier d\u00e9placement officiel. Ze\u00efni Moulaye, ministre des Affaires \u00e9trang\u00e8res et de [&hellip;]<\/p>\n","protected":false},"author":1965,"featured_media":0,"comment_status":"closed","ping_status":"closed","sticky":false,"template":"","format":"standard","meta":{"fifu_image_url":"","fifu_image_alt":"","footnotes":""},"categories":[73,82],"tags":[],"class_list":["post-104549","post","type-post","status-publish","format-standard","hentry","category-actualite","category-cameroun"],"_links":{"self":[{"href":"https:\/\/linitiative.ca\/International\/wp-json\/wp\/v2\/posts\/104549","targetHints":{"allow":["GET"]}}],"collection":[{"href":"https:\/\/linitiative.ca\/International\/wp-json\/wp\/v2\/posts"}],"about":[{"href":"https:\/\/linitiative.ca\/International\/wp-json\/wp\/v2\/types\/post"}],"author":[{"embeddable":true,"href":"https:\/\/linitiative.ca\/International\/wp-json\/wp\/v2\/users\/1965"}],"replies":[{"embeddable":true,"href":"https:\/\/linitiative.ca\/International\/wp-json\/wp\/v2\/comments?post=104549"}],"version-history":[{"count":0,"href":"https:\/\/linitiative.ca\/International\/wp-json\/wp\/v2\/posts\/104549\/revisions"}],"wp:attachment":[{"href":"https:\/\/linitiative.ca\/International\/wp-json\/wp\/v2\/media?parent=104549"}],"wp:term":[{"taxonomy":"category","embeddable":true,"href":"https:\/\/linitiative.ca\/International\/wp-json\/wp\/v2\/categories?post=104549"},{"taxonomy":"post_tag","embeddable":true,"href":"https:\/\/linitiative.ca\/International\/wp-json\/wp\/v2\/tags?post=104549"}],"curies":[{"name":"wp","href":"https:\/\/api.w.org\/{rel}","templated":true}]}}