{"id":104555,"date":"2020-11-12T09:51:12","date_gmt":"2020-11-12T14:51:12","guid":{"rendered":"https:\/\/linitiative.ca\/International\/carrefour-market-ouvre-ses-portes-au-douala-grand-mall\/"},"modified":"2020-11-12T09:51:12","modified_gmt":"2020-11-12T14:51:12","slug":"carrefour-market-ouvre-ses-portes-au-douala-grand-mall","status":"publish","type":"post","link":"https:\/\/linitiative.ca\/International\/carrefour-market-ouvre-ses-portes-au-douala-grand-mall\/","title":{"rendered":"Carrefour market ouvre ses portes au Douala Grand Mall"},"content":{"rendered":"<p><strong>Install\u00e9 sur\u00a0une superficie de 3000 m2, Carrefour market Douala grand Mall ouvrira ses portes d\u00e8s le 17 novembre prochain.<\/strong><\/p>\n<p>Apr\u00e8s celui d\u2019ancien Dalip le 16 septembre 2020, Carrefour Market densifie son r\u00e9seau de grande distribution au Cameroun, particuli\u00e8rement dans la ville de Douala. Les populations de la capitale \u00e9conomique d\u00e9couvriront l\u2019espace\u00a0de cette enseigne internationale log\u00e9e au sein du Douala Grand Mall, le plus grand centre commercial d\u2019Afrique centrale.\u00a0<\/p>\n<p><strong>Lire aussi<\/strong> : <a href=\"https:\/\/ecomatin.net\/grande-distribution-carrefour-market-implante-son-deuxieme-centre-commercial-a-douala\/\">Grande distribution\u00a0: carrefour market implante son deuxi\u00e8me centre commercial \u00e0 Douala<\/a><\/p>\n<p>L\u2019enseigne fran\u00e7aise Carrefour est la toute premi\u00e8re grande marque \u00e0 ouvrir ses rayons aux potentiels clients du Douala grand Mall.\u00a0Install\u00e9 sur\u00a0une superficie de 3000 m2, Carrefour market Douala-grand Mall dispose, au m\u00eame titre que ceux de Bonamoussadi ou Ancien Dalip, d\u2019un achalandage constitu\u00e9 de\u00a090% des produits locaux et du cru, et 10% \u00a0de produits de marque \u00abCarrefour\u00bb. La part belle a une fois de plus \u00e9t\u00e9 r\u00e9serv\u00e9e aux\u00a0\u00a0producteurs locaux avec qui Carrefour\u00a0Market Ancien a nou\u00e9 des contrats. Plus de 400\u00a0producteurs du terroir apprend-on: \u00able Cameroun est un pays cl\u00e9 dans la strat\u00e9gie de notre groupe. Un travail important et valorisant a \u00e9t\u00e9 r\u00e9alis\u00e9. Nous en sommes tr\u00e8s fiers. Nous cherchons \u00e0 toujours mieux r\u00e9pondre aux attentes des clients, en termes de produits, de prix, de service. Nous souhaitons \u00e9galement renforcer les partenariats avec l\u2019ensemble des acteurs qui nous accompagnent. Plus pr\u00e9cis\u00e9ment, en mati\u00e8re \u00a0de produits locaux, nous avons un objectif tr\u00e8s clair. Plus d\u2019un tiers \u00a0de notre chiffre d\u2019affaires doit \u00eatre issu de l\u2019agriculture, de l\u2019\u00e9levage, des Pme ou de l\u2019industrie camerounaise\u00bb, expliquait Luc Demez, le 16 septembre lors de l\u2019ouverture officiel de Carrefour Market Ancien Dalip. Plus de 10.000 produits seront ainsi propos\u00e9s sur des dizaines de rayons.\u00a0<\/p>\n<p><strong>Lire aussi<\/strong> : <a href=\"https:\/\/ecomatin.net\/carrefour-market-va-ouvrir-un-nouveau-centre-commercial-a-douala\/\">Carrefour market va ouvrir un nouveau centre commercial \u00e0 Douala<\/a><\/p>\n<p>De bonnes sources Cfao Retail, fa\u00eeti\u00e8re de Carrefour market mettra \u00e9galement un accent sur \u00abla camerounit\u00e9\u00bb des emplois. A l\u2019instar de Bonamoussadi, Akwa et Yaound\u00e9, Carrefour market Douala grand mall situ\u00e9 au quartier Bonadiwoto dans l\u2019arrondissement de Douala 3\u00e8me, offrira des emplois directs \u00e0 de jeunes camerounais conform\u00e9ment aux voeux des pouvoirs publics et de la politique d\u2019int\u00e9gration \u00e9conomique pr\u00f4n\u00e9e au sein du groupe Cfao Retail. \u00a0<\/p>\n<p>Carrefour market ravit par cette ouverture la vedette \u00e0 d\u2019autres entreprises domicili\u00e9es au Douala grand mall \u00e0 l\u2019instar de \u00a0Mtn Cameroon, Yoomee S.A, Spectra, Banque atlantique, Viacom, Lepop, Genesis group, Bgfi bank, Soci\u00e9t\u00e9 G\u00e9n\u00e9rale, Groupe Focali, Duba\u00ef Masala, Alternative solution, Pizza hut, Mapamba Grill, Evaka, Foodsquare, Chicken extra, Kissim etc\u2026Mais bien apr\u00e8s Total Cameroun dont la station-service est fonctionnelle depuis plusieurs mois. On annonce dans la m\u00eame lanc\u00e9e de Carrefour market et Total Cameroun, une ouverture officielle g\u00e9n\u00e9rale du Douala grand Mall fin d\u00e9cembre 2020.<\/p>\n<p><strong>Lire aussi<\/strong> : <a href=\"https:\/\/ecomatin.net\/grande-distribution-carrefour-poursuit-son-expansion-dans-la-ville-de-yaounde\/\">Grande distribution\u00a0: Carrefour poursuit son expansion dans ville de Yaound\u00e9<\/a><\/p>\n<p>Rappelons que le projet Douala grand Mall s\u2019\u00e9tale dans sa premi\u00e8re phase sur une superficie de 18.000 m2 de surface locative. Muni d\u2019un multiplexe de 5 salles de cin\u00e9ma de 1000 places, d\u2019un supermarch\u00e9 Carrefour d\u2019une superficie de 3000 m2, d\u2019 un spa et un spectra beaut\u00e9 \u00e9tendu sur 750 m2, un parking d\u2019une capacit\u00e9 de 640 voitures, 22 restaurants, un centre de loisirs, 160 magasins, des espaces commerciaux et boutiques etc\u2026.. La phase 2 du projet pr\u00e9voit \u00e0 terme la construction d\u2019un h\u00f4tel 5 \u00e9toiles de luxe et d\u2019un business park. Co\u00fbt total du projet, 80 milliards de FCFA financ\u00e9s par le fond d\u2019investissement britannique Actis, en partenariat avec Douala Retail and Convention Centre.\u00a0<\/p>\n<p>Carrefour market b\u00e9n\u00e9ficiera ainsi d\u2019une partie des 300.000 visiteurs \u00a0attendus mensuellement au Douala grand mall qui dispose d\u2019une zone de chalandise de pr\u00e8s de 4 millions d\u2019habitants occup\u00e9e par une vari\u00e9t\u00e9 de marques.<\/p>\n<p><strong>Lire aussi<\/strong> : <a href=\"https:\/\/ecomatin.net\/commerce-linstallation-du-distributeur-francais-carrefour-hypothequee\/\">Commerce\u00a0: l\u2019installation du distributeur fran\u00e7ais Carrefour hypoth\u00e9qu\u00e9e<\/a><\/p>\n<div class=\"awac-wrapper awac widget posts-list-widget-11\">\n<h4 class=\"widget-title\">Le plus r\u00e9cent<\/h4>\n<\/div>\n<p>Auteur: Eco Matin<br \/>\n<a href=\"https:\/\/ecomatin.net\/carrefour-market-ouvre-ses-portes-au-douala-grand-mall\/\">Cliquez ici pour lire l&rsquo;article depuis sa source.<\/a><\/p>\n","protected":false},"excerpt":{"rendered":"<p>Install\u00e9 sur\u00a0une superficie de 3000 m2, Carrefour market Douala grand Mall ouvrira ses portes d\u00e8s le 17 novembre prochain. Apr\u00e8s celui d\u2019ancien Dalip le 16 septembre 2020, Carrefour Market densifie son r\u00e9seau de grande distribution au Cameroun, particuli\u00e8rement dans la ville de Douala. Les populations de la capitale \u00e9conomique d\u00e9couvriront l\u2019espace\u00a0de cette enseigne internationale log\u00e9e [&hellip;]<\/p>\n","protected":false},"author":1969,"featured_media":0,"comment_status":"closed","ping_status":"closed","sticky":false,"template":"","format":"standard","meta":{"fifu_image_url":"","fifu_image_alt":"","footnotes":""},"categories":[82,78],"tags":[],"class_list":["post-104555","post","type-post","status-publish","format-standard","hentry","category-cameroun","category-economie"],"_links":{"self":[{"href":"https:\/\/linitiative.ca\/International\/wp-json\/wp\/v2\/posts\/104555","targetHints":{"allow":["GET"]}}],"collection":[{"href":"https:\/\/linitiative.ca\/International\/wp-json\/wp\/v2\/posts"}],"about":[{"href":"https:\/\/linitiative.ca\/International\/wp-json\/wp\/v2\/types\/post"}],"author":[{"embeddable":true,"href":"https:\/\/linitiative.ca\/International\/wp-json\/wp\/v2\/users\/1969"}],"replies":[{"embeddable":true,"href":"https:\/\/linitiative.ca\/International\/wp-json\/wp\/v2\/comments?post=104555"}],"version-history":[{"count":0,"href":"https:\/\/linitiative.ca\/International\/wp-json\/wp\/v2\/posts\/104555\/revisions"}],"wp:attachment":[{"href":"https:\/\/linitiative.ca\/International\/wp-json\/wp\/v2\/media?parent=104555"}],"wp:term":[{"taxonomy":"category","embeddable":true,"href":"https:\/\/linitiative.ca\/International\/wp-json\/wp\/v2\/categories?post=104555"},{"taxonomy":"post_tag","embeddable":true,"href":"https:\/\/linitiative.ca\/International\/wp-json\/wp\/v2\/tags?post=104555"}],"curies":[{"name":"wp","href":"https:\/\/api.w.org\/{rel}","templated":true}]}}