{"id":104557,"date":"2020-11-12T11:53:30","date_gmt":"2020-11-12T16:53:30","guid":{"rendered":"https:\/\/linitiative.ca\/International\/climat-des-affaires-le-gicam-presente-son-livre-blanc-sur-leconomie-camerounaise\/"},"modified":"2020-11-12T11:53:30","modified_gmt":"2020-11-12T16:53:30","slug":"climat-des-affaires-le-gicam-presente-son-livre-blanc-sur-leconomie-camerounaise","status":"publish","type":"post","link":"https:\/\/linitiative.ca\/International\/climat-des-affaires-le-gicam-presente-son-livre-blanc-sur-leconomie-camerounaise\/","title":{"rendered":"Climat des affaires : le Gicam pr\u00e9sente son livre blanc sur l\u2019\u00e9conomie camerounaise"},"content":{"rendered":"<p>Au lendemain de sa pr\u00e9sentation au ministre du Travail et de la S\u00e9curit\u00e9 sociale, \u00e0 celui des Petites et Moyennes Entreprises de l\u2019Economie Sociale et artisanale et au Fonds mon\u00e9taire international (FMI), le \u00ab\u00a0Livre blanc de l\u2019\u00e9conomie camerounaise\u00a0\u00bb con\u00e7u et r\u00e9alis\u00e9 par le Groupement inter patronal du Cameroun (Gicam) a \u00e9t\u00e9 pr\u00e9sent\u00e9 aux membres du groupement patronal. Sous-titr\u00e9 \u00ab\u00a0l\u2019imp\u00e9ratif industriel du Cameroun\u00a0\u00bb, la nouvelle publication rallonge la liste des contributions livresque du Gicam au profit de l\u2019\u00e9conomie nationale, apr\u00e8s \u2018\u2018Les 100 propositions du Gicam pour l\u2019\u00e9mergence du Cameroun\u2019\u2019, de 2016 sous Andr\u00e9 Fotso, l\u2019ancien pr\u00e9sident du Gicam, et de la proposition de r\u00e9forme fiscale de 2018: \u00ab\u00a0la nouvelle contribution du Gicam pour l\u2019orientation des politiques \u00e9conomiques et l\u2019am\u00e9lioration de l\u2019environnement des affaires\u00a0\u00bb, d\u2019apr\u00e8s C\u00e9lestin Tawamba, le Pr\u00e9sident en exercice du Gicam.\u00a0<\/p>\n<p><strong>Lire aussi<\/strong> : <a href=\"https:\/\/ecomatin.net\/gicam\/\">Gouvernance \u00e9conomique\u00a0: le plaidoyer du Gicam<\/a><\/p>\n<p>Coordonn\u00e9e par ce dernier, le \u00ab\u00a0Livre blanc de l\u2019\u00e9conomie camerounaise\u00a0\u00bb a connu la participation scripturale et scientifique d\u2019Emmanuel de Tailly, 1er vice-pr\u00e9sident du Gicam et Directeur g\u00e9n\u00e9ral du groupe Sabc\u00a0; Laure Kenmogne, la pr\u00e9sidente de la Commission finances et fiscale du Gicam\u00a0; de Jean Jonhatan Nyemb, membre du conseil d\u2019administration du Gicam\u00a0; ou de Francis Sanzouango, le Directeur de cabinet du Pr\u00e9sident du Gicam. \u00ab\u00a0<em>Il part du constat de la d\u00e9gradation des fondamentaux \u00e9conomiques et du recul du Cameroun dans plusieurs domaines o\u00f9 il a pourtant des potentialit\u00e9s et des atouts pour mieux faire. Dans le contenu, il propose un \u00e9tat des lieux et un diagnostic de l\u2019\u00e9conomie camerounaise, vu par les chefs d\u2019entreprises, d\u00e9cline ensuite un mod\u00e8le \u00e9conomique et aborde un certain nombre de questions transversales et sectorielles dont l\u2019\u00e9pineuse question du dialogue public\/priv\u00e9<\/em>\u00a0\u00bb, a succinctement pr\u00e9sent\u00e9 C\u00e9lestin Tawamba.<\/p>\n<p>Trois grands piliers fondent la structuration de ce riche rendu: \u00a0la promotion des p\u00f4les de comp\u00e9titivit\u00e9 autour des piliers de prioritaires d\u00e9j\u00e0 trac\u00e9s dans des instruments comme le plan directeur d\u2019industrialisation, la promotion d\u2019un v\u00e9ritable patriotisme \u00e9conomique articul\u00e9, notamment, autour des champions nationaux, de la valorisation des circuits courts et du Made in Cameroon, la construction d\u2019une v\u00e9ritable souverainet\u00e9 nationale dans les secteurs strat\u00e9gique, de mani\u00e8re, notamment, \u00e0 capitaliser les enseignements tir\u00e9s des crises majeures comme celle induite par la pand\u00e9mie du Covid-19, a pr\u00e9sent\u00e9 Emmanuel de Tailly qui pense que lesdits piliers serviront de refondation de l\u2019\u00e9conomie du Cameroun de mani\u00e8re \u00e0 accro\u00eetre sa comp\u00e9titivit\u00e9 autour\u00a0de \u00ab\u00a0<em>l\u2019agri-business, le transport, l\u2019\u00e9nergie, la construction des p\u00f4les de comp\u00e9titivit\u00e9 par une approche de clusters et de r\u00e9seaux<\/em>\u00a0\u00bb.<\/p>\n<p><strong>Lire aussi<\/strong> : <a href=\"https:\/\/ecomatin.net\/partenariat-economique-lallemagne-pose-ses-conditions-au-gicam\/\">Partenariat \u00e9conomique\u00a0: l\u2019Allemagne pose ses conditions au Gicam<\/a><\/p>\n<p>Le Livre blanc du Gicam aborde plusieurs sujets sur la fiscalit\u00e9, l\u2019endettement public, le budget, les march\u00e9s publics, la justice, ou encore syst\u00e8me financier camerounais dont la n\u00e9cessit\u00e9 de r\u00e9novation et diversification s\u2019impose, pense le Gicam. A ce sujet, le groupe patronal propose des r\u00e9formes sur \u00ab\u00a0<em>le renforcement de l\u2019offre bancaire, l\u2019\u00e9largissement de l\u2019infrastructure financi\u00e8re, l\u2019approfondissement de l\u2019interm\u00e9diation financi\u00e8re, le d\u00e9veloppement des march\u00e9s de capitaux, l\u2019apurement de la dette int\u00e9rieure, et le d\u00e9veloppement du march\u00e9 de l\u2019assurance<\/em>\u00a0\u00bb.\u00a0 Plus pr\u00e9cis\u00e9ment, l\u2019optimisation des recettes fiscales, la rationalisation de l\u2019endettement public, la modernisation de la justice, la lutte contre la fraude, la contrebande et la contrefa\u00e7on etc\u2026.<\/p>\n<p><strong>Lire aussi<\/strong> : <a href=\"https:\/\/ecomatin.net\/relance-post-covid-les-propositions-du-gicam-pour-sauver-le-secteur-prive\/\">Relance post-covid\u00a0: les propositions du Gicam pour sauver le secteur priv\u00e9<\/a><\/p>\n<p>Pour Laure Kenmogne, il importe de supprimer le syst\u00e8me d\u2019imposition sur le chiffre d\u2019affaires, prononcer une amnistie fiscale \u00e0 l\u2019endroit des op\u00e9rateurs \u00e9conomiques. Quant \u00e0 Jonhatan Nyemb, il sugg\u00e8re \u00ab\u00a0<em>la fusion entre les minist\u00e8res des finances, de l\u2019\u00e9conomie, de l\u2019industrie et du commerce<\/em>\u00a0\u00bb. D\u2019apr\u00e8s le membre du conseil d\u2019administration du Gicam, une r\u00e9duction du train de vie de l\u2019Etat, la refondation du Cameroon Business Forum, la cr\u00e9ation de deux agences d\u00e9di\u00e9es \u00e0 la gestion de la dette, le renforcement des capacit\u00e9s de la Chambre des comptes etc\u2026.Toutefois, l\u2019efficacit\u00e9 du mod\u00e8le \u00e9conomique propos\u00e9 par le Gicam d\u00e9pend de la volont\u00e9 politique des pouvoirs publics et de la capacit\u00e9 de sa mise en oeuvre par l\u2019Etat.\u00a0 D\u2019o\u00f9, pense Francis Sanzouango, l\u2019imp\u00e9rieuse n\u00e9cessit\u00e9 d\u2019instaurer un dialogue public-priv\u00e9 permanent. Pour se faire, le Livre blanc pr\u00e9sent\u00e9 aux membres du Gicam a \u00e9t\u00e9 pr\u00e9alablement pr\u00e9sent\u00e9 au Premier ministre, aux ministres des Finances, de l\u2019Economie, et des Mines.<\/p>\n<p><strong>Lire aussi<\/strong> : <a href=\"https:\/\/ecomatin.net\/formation-professionnelle-le-gicam-demande-des-comptes-au-minefop\/\">Formation professionnelle\u00a0: le Gicam demande des comptes au Minefop<\/a><\/p>\n<div class=\"awac-wrapper awac widget posts-list-widget-11\">\n<h4 class=\"widget-title\">Le plus r\u00e9cent<\/h4>\n<\/div>\n<p>Auteur: Eco Matin<br \/>\n<a href=\"https:\/\/ecomatin.net\/climat-des-affaires-le-gicam-presente-son-livre-blanc-sur-leconomie-camerounaise\/\">Cliquez ici pour lire l&rsquo;article depuis sa source.<\/a><\/p>\n","protected":false},"excerpt":{"rendered":"<p>Au lendemain de sa pr\u00e9sentation au ministre du Travail et de la S\u00e9curit\u00e9 sociale, \u00e0 celui des Petites et Moyennes Entreprises de l\u2019Economie Sociale et artisanale et au Fonds mon\u00e9taire international (FMI), le \u00ab\u00a0Livre blanc de l\u2019\u00e9conomie camerounaise\u00a0\u00bb con\u00e7u et r\u00e9alis\u00e9 par le Groupement inter patronal du Cameroun (Gicam) a \u00e9t\u00e9 pr\u00e9sent\u00e9 aux membres du [&hellip;]<\/p>\n","protected":false},"author":1969,"featured_media":0,"comment_status":"closed","ping_status":"closed","sticky":false,"template":"","format":"standard","meta":{"fifu_image_url":"","fifu_image_alt":"","footnotes":""},"categories":[82,78],"tags":[],"class_list":["post-104557","post","type-post","status-publish","format-standard","hentry","category-cameroun","category-economie"],"_links":{"self":[{"href":"https:\/\/linitiative.ca\/International\/wp-json\/wp\/v2\/posts\/104557","targetHints":{"allow":["GET"]}}],"collection":[{"href":"https:\/\/linitiative.ca\/International\/wp-json\/wp\/v2\/posts"}],"about":[{"href":"https:\/\/linitiative.ca\/International\/wp-json\/wp\/v2\/types\/post"}],"author":[{"embeddable":true,"href":"https:\/\/linitiative.ca\/International\/wp-json\/wp\/v2\/users\/1969"}],"replies":[{"embeddable":true,"href":"https:\/\/linitiative.ca\/International\/wp-json\/wp\/v2\/comments?post=104557"}],"version-history":[{"count":0,"href":"https:\/\/linitiative.ca\/International\/wp-json\/wp\/v2\/posts\/104557\/revisions"}],"wp:attachment":[{"href":"https:\/\/linitiative.ca\/International\/wp-json\/wp\/v2\/media?parent=104557"}],"wp:term":[{"taxonomy":"category","embeddable":true,"href":"https:\/\/linitiative.ca\/International\/wp-json\/wp\/v2\/categories?post=104557"},{"taxonomy":"post_tag","embeddable":true,"href":"https:\/\/linitiative.ca\/International\/wp-json\/wp\/v2\/tags?post=104557"}],"curies":[{"name":"wp","href":"https:\/\/api.w.org\/{rel}","templated":true}]}}