{"id":104560,"date":"2020-11-13T10:01:44","date_gmt":"2020-11-13T15:01:44","guid":{"rendered":"https:\/\/linitiative.ca\/International\/maintien-de-la-paix-et-action-humanitaire-dans-le-monde-les-far-devoilent-une-exposition-inedite-a-rabat\/"},"modified":"2020-11-13T10:01:44","modified_gmt":"2020-11-13T15:01:44","slug":"maintien-de-la-paix-et-action-humanitaire-dans-le-monde-les-far-devoilent-une-exposition-inedite-a-rabat","status":"publish","type":"post","link":"https:\/\/linitiative.ca\/International\/maintien-de-la-paix-et-action-humanitaire-dans-le-monde-les-far-devoilent-une-exposition-inedite-a-rabat\/","title":{"rendered":"Maintien de la paix et action humanitaire dans le monde : Les FAR d\u00e9voilent une exposition in\u00e9dite \u00e0 Rabat"},"content":{"rendered":"<p><img decoding=\"async\" class=\"post_layout_5_img\" src=\"http:\/\/aujourdhui.ma\/wp-content\/uploads\/2020\/11\/far-bnrm.jpg\" alt=\"Maintien de la paix et action humanitaire dans le monde : Les FAR d&#xE9;voilent une exposition in&#xE9;dite &#xE0; Rabat\"\/><\/p>\n<p><span class=\"c5\"><strong>En mati\u00e8re de maintien de la paix, le Maroc a particip\u00e9 activement \u00e0 plusieurs op\u00e9rations dans le monde.<\/strong><\/span><span id=\"more-360416\"\/><\/p>\n<p>Ces initiatives font l\u2019objet d\u2019une exposition publique in\u00e9dite marquant les 60 ans de la \u00abContribution du Royaume du Maroc aux Op\u00e9rations de Maintien de la Paix et \u00e0 l\u2019Action Humanitaire dans le Monde\u00bb. Organis\u00e9e par les Forces Arm\u00e9es Royales (FAR), cette manifestation a \u00e9t\u00e9 inaugur\u00e9e vendredi \u00e0 Rabat, en pr\u00e9sence des repr\u00e9sentants de l\u2019ONU et du Corps diplomatique accr\u00e9dit\u00e9 \u00e0 Rabat ainsi que d\u2019Officiers sup\u00e9rieurs de l\u2019Etat-Major G\u00e9n\u00e9ral des FAR. Elle se tient du 13 au 15 novembre \u00e0 la Biblioth\u00e8que nationale du Royaume du Maroc. L\u2019exposition illustre l\u2019engagement permanent du Maroc, depuis 1960, au service de la paix et de la s\u00e9curit\u00e9 internationales, et met en avant l\u2019exp\u00e9rience des Casques bleus marocains dans la promotion des valeurs universelles de solidarit\u00e9, de dignit\u00e9, ainsi que d\u2019assistance humanitaire, \u00e0 travers le d\u00e9ploiement de contingents des FAR, sous l\u2019\u00e9gide des Nations Unies sur des diff\u00e9rents continents. L\u2019exposition qui se d\u00e9roule en marge du 45\u00e8me anniversaire de la Marche Verte et du 75\u00e8me anniversaire de la cr\u00e9ation de l\u2019ONU, met \u00e9galement en exergue la dimension humanitaire de solidarit\u00e9 du Royaume du Maroc marqu\u00e9e essentiellement par le d\u00e9ploiement d\u2019H\u00f4pitaux M\u00e9dico-Chirurgicaux de campagne (HMCC) des Forces Arm\u00e9es Royales et l\u2019acheminement d\u2019aides humanitaires directes au profit des populations des pays touch\u00e9s par des crises ou des catastrophes naturelles \u00e0 travers le monde.<\/p>\n<p><strong>Actions salu\u00e9es par les NU et les populations locales<\/strong><\/p>\n<p>Au cours de la c\u00e9r\u00e9monie d\u2019inauguration de cette manifestation, Abdesslam Kdali le g\u00e9n\u00e9ral de division de l\u2019Inspection g\u00e9n\u00e9rale des FAR a expliqu\u00e9 que sur le terrain, la participation des FAR aux op\u00e9rations de maintien de la paix se traduit par des missions aussi bien compl\u00e8tes que diversifi\u00e9es. Il \u00e9voque \u00e0 cet \u00e9gard citant la r\u00e9installation et la protection des populations d\u00e9plac\u00e9es et des r\u00e9fugi\u00e9s, la surveillance des zones tampons, l\u2019escorte de convois humanitaires et la restauration d\u2019ordre et l\u2019assistance humanitaire. Il ajoute dans ce sens que durant toutes ces missions, la participation des contingents des FAR a \u00e9t\u00e9 \u00e0 chaque fois salu\u00e9e par les Nations Unies et favorablement accueillie par les populations locales rappelant par la m\u00eame occasion le d\u00e9ploiement par le Royaume de plusieurs h\u00f4pitaux de campagne dont huit ont \u00e9t\u00e9 visit\u00e9s par le Souverain pour s\u2019enqu\u00e9rir des prestations offertes aux populations locales. Cette exposition pr\u00e9sente une r\u00e9trospective de l\u2019engagement du Maroc depuis plus de 60 ans dans l\u2019effort onusien pour le maintien de la paix \u00e0 travers le monde dans le respect de l\u2019int\u00e9grit\u00e9 territoriale et de la souverainet\u00e9 des Etats, a-t-il soulign\u00e9 indiquant qu\u2019elle se veut \u00e9galement une opportunit\u00e9 pour rendre hommage \u00e0 tous les soldats de la paix bless\u00e9s ou tomb\u00e9s sur les diff\u00e9rents champs d\u2019honneur pour d\u00e9fendre les id\u00e9aux de la paix, de la s\u00e9curit\u00e9 et humanitaires.<\/p>\n<p><strong>ONU\u00a0: Gratitude aux soldats marocains de la paix<\/strong><\/p>\n<p>De son cot\u00e9, Sylvia Lopez-Ekra la coordinatrice R\u00e9sidente du syst\u00e8me des Nations unies pour le d\u00e9veloppement au Maroc, a relev\u00e9 que cette exposition rappelle, en alliant art et m\u00e9moire, qu\u2019il y a soixante ans, le Maroc, s\u2019engagea r\u00e9solument aux cot\u00e9s de l\u2019ONU pour maintenir la paix et la s\u00e9curit\u00e9 mondiale, notant qu\u2019aujourd\u2019hui, le Royaume compte parmi les plus importants contributeurs aux op\u00e9rations de maintien de la paix de l\u2019ONU, contribution salu\u00e9e par le Secr\u00e9taire g\u00e9n\u00e9ral, Antonio Guterres, lors de sa visite au Maroc en d\u00e9cembre 2018. La responsable onusienne a aussi exprim\u00e9 toute la gratitude, au nom de l\u2019ONU, aux Marocains et Marocaines soldats de la paix, d\u00e9ploy\u00e9s sous le drapeau bleu de l\u2019ONU, dans des zones difficiles et dans un contexte de pand\u00e9mie, pour pr\u00e9server la paix. Elle souligne que ces Marocains font partie d\u2019un million de femmes et d\u2019hommes qui ont servi comme Casques bleus des Nations Unies depuis 1948. Dans ce sens, l\u2019exposition offre aussi l\u2019occasion de rendre hommage \u00e0 la m\u00e9moire et aux sacrifices de ceux qui ont perdu leurs vies au service de la paix, a affirm\u00e9 la responsable onusienne expliquant par ailleurs que le Maroc a aussi \u00e9t\u00e9 l\u2019un des tous premiers pays \u00e0 soutenir l\u2019\u00a0\u00abAction pour le maintien de la paix\u00a0\u00bb. Il s\u2019agit d\u2019une initiative du Secr\u00e9taire g\u00e9n\u00e9ral de l\u2019ONU lanc\u00e9e pour revitaliser les op\u00e9rations de maintien de la paix. La coordinatrice R\u00e9sidente du syst\u00e8me des Nations unies pour le d\u00e9veloppement au Maroc, a inque le Maroc est aujourd\u2019hui l\u2019un des champions du multilat\u00e9ralisme. A l\u2019occasion de la 75eme session de l\u2019Assembl\u00e9e G\u00e9n\u00e9rale, il porte un message fort en r\u00e9affirmant sa foi dans le multilat\u00e9ralisme et son soutien \u00e0 l\u2019action de l\u2019ONU pour un monde de paix et de justice, de dialogue interculturel, et de coop\u00e9ration solidaire pour un d\u00e9veloppement durable et une Afrique prosp\u00e8re.<\/p>\n<p><strong>Encadr\u00e9\u00a0: Visite guid\u00e9e<\/strong><\/p>\n<p>L\u2019exposition est con\u00e7ue selon un nouveau concept sc\u00e9nographique ax\u00e9 autour d\u2019un espace central. Celui-ci est d\u00e9di\u00e9 aux visites effectu\u00e9es par le Souverain aux HMCC d\u00e9ploy\u00e9s par les FAR au Gabon, Niger, Congo Brazzaville, Jordanie (Zaatari), Mali, Guin\u00e9e, Guin\u00e9e-Bissau et Soudan du Sud, symbole d\u2019une solidarit\u00e9 Royale agissante. Un reportage vid\u00e9o de ces visites est \u00e9galement pr\u00e9sent\u00e9. Environ 300 photographies et objets ont \u00e9t\u00e9 choisis et agenc\u00e9s \u00e0 travers 30 panneaux infographiques pour illustrer l\u2019engagement des FAR dans les domaines de maintien de la paix et de l\u2019action humanitaire. Cette exposition ment en lumi\u00e8re sur l\u2019expertise des FAR en mati\u00e8re de formations aux m\u00e9tiers de maintien de la paix au profit des pays amis. La visite de l\u2019exposition s\u2019ach\u00e8ve par un espace particulier destin\u00e9 \u00e0 rendre hommage aux Martyrs des FAR d\u00e9c\u00e9d\u00e9s en OMP des Nations Unies. Notons que le bilan de la contribution du Royaume du Maroc aux op\u00e9rations de maintien de la paix et \u00e0 l\u2019action humanitaire \u00e0 la date d\u2019aujourd\u2019hui, fait \u00e9tat de la participation de plus de 74.000 Casques bleus marocains \u00e0 14 Missions de Maintien de la Paix de l\u2019ONU, du d\u00e9ploiement dans 14 pays de 17 H\u00f4pitaux M\u00e9dico-Chirurgicaux de Campagne qui ont assur\u00e9 plus de 2.650.000 prestations m\u00e9dicales au profit des populations locales et des r\u00e9fugi\u00e9s.<\/p>\n<p>Auteur: ALM<br \/>\n<a href=\"https:\/\/aujourdhui.ma\/politique\/maintien-de-la-paix-et-action-humanitaire-dans-le-monde-les-far-devoilent-une-exposition-inedite-a-rabat\">Cliquez ici pour lire l&rsquo;article depuis sa source.<\/a><\/p>\n","protected":false},"excerpt":{"rendered":"<p>En mati\u00e8re de maintien de la paix, le Maroc a particip\u00e9 activement \u00e0 plusieurs op\u00e9rations dans le monde. Ces initiatives font l\u2019objet d\u2019une exposition publique in\u00e9dite marquant les 60 ans de la \u00abContribution du Royaume du Maroc aux Op\u00e9rations de Maintien de la Paix et \u00e0 l\u2019Action Humanitaire dans le Monde\u00bb. Organis\u00e9e par les Forces [&hellip;]<\/p>\n","protected":false},"author":1759,"featured_media":104561,"comment_status":"closed","ping_status":"closed","sticky":false,"template":"","format":"standard","meta":{"fifu_image_url":"","fifu_image_alt":"","footnotes":""},"categories":[73,54],"tags":[],"class_list":["post-104560","post","type-post","status-publish","format-standard","has-post-thumbnail","hentry","category-actualite","category-maroc"],"_links":{"self":[{"href":"https:\/\/linitiative.ca\/International\/wp-json\/wp\/v2\/posts\/104560","targetHints":{"allow":["GET"]}}],"collection":[{"href":"https:\/\/linitiative.ca\/International\/wp-json\/wp\/v2\/posts"}],"about":[{"href":"https:\/\/linitiative.ca\/International\/wp-json\/wp\/v2\/types\/post"}],"author":[{"embeddable":true,"href":"https:\/\/linitiative.ca\/International\/wp-json\/wp\/v2\/users\/1759"}],"replies":[{"embeddable":true,"href":"https:\/\/linitiative.ca\/International\/wp-json\/wp\/v2\/comments?post=104560"}],"version-history":[{"count":0,"href":"https:\/\/linitiative.ca\/International\/wp-json\/wp\/v2\/posts\/104560\/revisions"}],"wp:featuredmedia":[{"embeddable":true,"href":"https:\/\/linitiative.ca\/International\/wp-json\/"}],"wp:attachment":[{"href":"https:\/\/linitiative.ca\/International\/wp-json\/wp\/v2\/media?parent=104560"}],"wp:term":[{"taxonomy":"category","embeddable":true,"href":"https:\/\/linitiative.ca\/International\/wp-json\/wp\/v2\/categories?post=104560"},{"taxonomy":"post_tag","embeddable":true,"href":"https:\/\/linitiative.ca\/International\/wp-json\/wp\/v2\/tags?post=104560"}],"curies":[{"name":"wp","href":"https:\/\/api.w.org\/{rel}","templated":true}]}}