{"id":104564,"date":"2020-11-13T10:52:10","date_gmt":"2020-11-13T15:52:10","guid":{"rendered":"https:\/\/linitiative.ca\/International\/vaccin-anti-covid-19-une-campagne-de-communication-sera-lancee-prochainement\/"},"modified":"2020-11-13T10:52:10","modified_gmt":"2020-11-13T15:52:10","slug":"vaccin-anti-covid-19-une-campagne-de-communication-sera-lancee-prochainement","status":"publish","type":"post","link":"https:\/\/linitiative.ca\/International\/vaccin-anti-covid-19-une-campagne-de-communication-sera-lancee-prochainement\/","title":{"rendered":"Vaccin anti-Covid-19: Une\u00a0campagne de communication sera lanc\u00e9e prochainement"},"content":{"rendered":"<header>\n<\/header>\n<div class=\"entry-content clearfix\" readability=\"68\"><img decoding=\"async\" class=\"post_layout_5_img\" src=\"http:\/\/aujourdhui.ma\/wp-content\/uploads\/2020\/10\/vaccin-covid-19.jpg\" alt=\"Vaccin anti-Covid-19: Une&#xA0;campagne de communication sera lanc&#xE9;e prochainement\"\/><\/p>\n<p><span class=\"c5\"><strong>L\u2019op\u00e9ration de vaccination contre la Covid-19 sera pr\u00e9c\u00e9d\u00e9e par une campagne de communication.<\/strong><\/span><span id=\"more-360426\"\/><\/p>\n<p>Cette derni\u00e8re va avoir lieu bient\u00f4t. Elle aura pour objectif d\u2019informer l\u2019opinion publique et \u00e9viter la propagation des \u00abfake news\u00bb sur les r\u00e9seaux sociaux, a expliqu\u00e9 Khalid Ait Taleb, ministre de la Sant\u00e9 \u00e0 l\u2019issue d\u2019une r\u00e9union du Comit\u00e9 technique et scientifique consultatif du Programme national de pr\u00e9vention et de contr\u00f4le de la grippe et des infections respiratoires aigu\u00ebs s\u00e9v\u00e8res. Le Ministre de la sant\u00e9 n\u2019a pas manqu\u00e9 de souligner que le citoyen marocain sera l\u2019un des premiers au monde \u00e0 avoir acc\u00e8s au vaccin.<\/p>\n<p>Le programme de vaccination se d\u00e9roulera durant cette conjoncture de Covid-19, il est donc n\u00e9cessaire de s\u2019astreindre au respect des gestes barri\u00e8res, rel\u00e8ve le ministre, ajoutant que l\u2019immunit\u00e9 apr\u00e8s la vaccination ne peut \u00eatre acquise qu\u2019apr\u00e8s plusieurs semaines. Par ailleurs, il a fait savoir que la dite-r\u00e9union a \u00e9t\u00e9 l\u2019occasion de faire le point sur la situation \u00e9pid\u00e9miologique et d\u2019\u00e9voquer l\u2019encombrement dont souffrent les services de sant\u00e9 dans des r\u00e9gions o\u00f9 la situation est difficile.<\/p>\n<p>Par exemple, dans la r\u00e9gion de Casablanca il existe une saturation du syst\u00e8me de sant\u00e9 avec un taux d\u2019occupation de 68% des services de r\u00e9animation, souligne le ministre pr\u00e9cisant qu\u2019il est essentiel de prendre les dispositions n\u00e9cessaires pour limiter la hausse des cas graves admis dans les services de r\u00e9animation. Pour lui, l\u2019objectif est de prendre des dispositions qui sont tr\u00e8s importantes \u00abmais qu\u2019on ne veut pas douloureuses\u00bb. Il a rappel\u00e9 que si la situation n\u2019\u00e9volue pas, le confinement va \u00eatre automatique et obligatoire, ajoutant que la propagation rapide du virus n\u00e9cessite une r\u00e9duction de la mobilit\u00e9 des citoyens qui doivent prendre conscience de l\u2019ampleur du danger. De son c\u00f4t\u00e9, Abdelfattah Chakib, professeur des maladies infectieuses \u00e0 la facult\u00e9 de m\u00e9decine de Casablanca, a indiqu\u00e9 que la r\u00e9union a port\u00e9 sur l\u2019int\u00e9r\u00eat des tests antig\u00e9niques qui sont importants dans la mesure o\u00f9 ils peuvent apporter de la rapidit\u00e9 au processus de diagnostic, ce qui permettra d\u2019isoler les malades et de les traiter \u00e0 temps avant d\u2019\u00eatre dans une situation critique.<\/p>\n<p>Il est a not\u00e9 que ledit Comit\u00e9 a aussi trait\u00e9 de la campagne de vaccination anti-Covid-19, \u00e9voquant notamment les pr\u00e9alables pour r\u00e9ussir cette campagne et les messages qu\u2019il faut diffuser aupr\u00e8s des citoyens pour atteindre cette \u00e9tape en bonne sant\u00e9.<\/p>\n<\/div>\n<p>Auteur: ALM<br \/>\n<a href=\"https:\/\/aujourdhui.ma\/societe\/vaccin-anti-covid-19-une-campagne-de-communication-sera-lancee-prochainement\">Cliquez ici pour lire l&rsquo;article depuis sa source.<\/a><\/p>\n","protected":false},"excerpt":{"rendered":"<p>L\u2019op\u00e9ration de vaccination contre la Covid-19 sera pr\u00e9c\u00e9d\u00e9e par une campagne de communication. Cette derni\u00e8re va avoir lieu bient\u00f4t. Elle aura pour objectif d\u2019informer l\u2019opinion publique et \u00e9viter la propagation des \u00abfake news\u00bb sur les r\u00e9seaux sociaux, a expliqu\u00e9 Khalid Ait Taleb, ministre de la Sant\u00e9 \u00e0 l\u2019issue d\u2019une r\u00e9union du Comit\u00e9 technique et scientifique [&hellip;]<\/p>\n","protected":false},"author":1759,"featured_media":104565,"comment_status":"closed","ping_status":"closed","sticky":false,"template":"","format":"standard","meta":{"fifu_image_url":"","fifu_image_alt":"","footnotes":""},"categories":[73,54],"tags":[],"class_list":["post-104564","post","type-post","status-publish","format-standard","has-post-thumbnail","hentry","category-actualite","category-maroc"],"_links":{"self":[{"href":"https:\/\/linitiative.ca\/International\/wp-json\/wp\/v2\/posts\/104564","targetHints":{"allow":["GET"]}}],"collection":[{"href":"https:\/\/linitiative.ca\/International\/wp-json\/wp\/v2\/posts"}],"about":[{"href":"https:\/\/linitiative.ca\/International\/wp-json\/wp\/v2\/types\/post"}],"author":[{"embeddable":true,"href":"https:\/\/linitiative.ca\/International\/wp-json\/wp\/v2\/users\/1759"}],"replies":[{"embeddable":true,"href":"https:\/\/linitiative.ca\/International\/wp-json\/wp\/v2\/comments?post=104564"}],"version-history":[{"count":0,"href":"https:\/\/linitiative.ca\/International\/wp-json\/wp\/v2\/posts\/104564\/revisions"}],"wp:featuredmedia":[{"embeddable":true,"href":"https:\/\/linitiative.ca\/International\/wp-json\/"}],"wp:attachment":[{"href":"https:\/\/linitiative.ca\/International\/wp-json\/wp\/v2\/media?parent=104564"}],"wp:term":[{"taxonomy":"category","embeddable":true,"href":"https:\/\/linitiative.ca\/International\/wp-json\/wp\/v2\/categories?post=104564"},{"taxonomy":"post_tag","embeddable":true,"href":"https:\/\/linitiative.ca\/International\/wp-json\/wp\/v2\/tags?post=104564"}],"curies":[{"name":"wp","href":"https:\/\/api.w.org\/{rel}","templated":true}]}}