{"id":104566,"date":"2020-11-13T11:00:59","date_gmt":"2020-11-13T16:00:59","guid":{"rendered":"https:\/\/linitiative.ca\/International\/developpement-durable-une-strategie-nationale-pour-federer-les-politiques-publiques\/"},"modified":"2020-11-13T11:00:59","modified_gmt":"2020-11-13T16:00:59","slug":"developpement-durable-une-strategie-nationale-pour-federer-les-politiques-publiques","status":"publish","type":"post","link":"https:\/\/linitiative.ca\/International\/developpement-durable-une-strategie-nationale-pour-federer-les-politiques-publiques\/","title":{"rendered":"D\u00e9veloppement durable : Une strat\u00e9gie nationale  pour f\u00e9d\u00e9rer les politiques publiques"},"content":{"rendered":"<p><img decoding=\"async\" class=\"post_layout_5_img\" src=\"http:\/\/aujourdhui.ma\/wp-content\/uploads\/2020\/11\/Developpement-durable.jpg\" alt=\"D&#xE9;veloppement durable : Une strat&#xE9;gie nationale pour f&#xE9;d&#xE9;rer les politiques publiques\"\/><\/p>\n<p><span class=\"c5\"><strong>La SNDD, cadre f\u00e9d\u00e9rateur des politiques sectorielles pour assurer la transition vers une \u00e9conomie verte et inclusive<\/strong><\/span><span id=\"more-360357\"\/><\/p>\n<p>L\u2019\u00e9mergence du concept de l\u2019\u00e9conomie verte au niveau international en tant que nouveau paradigme t\u00e9moigne d\u2019une prise de conscience accrue de la limite des mod\u00e8les actuels de d\u00e9veloppement. En effet, le potentiel de croissance \u00e9conomique future et le d\u00e9veloppement lui-m\u00eame sont mis en p\u00e9ril, en raison de la d\u00e9gradation de l\u2019environnement, des p\u00e9nuries de ressources, du changement climatique, de la d\u00e9sertification et d\u2019autres risques environnementaux.<br \/>La transition vers une \u00e9conomie verte est b\u00e9n\u00e9fique du point de vue \u00e9conomique et social et incite \u00e0 l\u2019int\u00e9gration des pr\u00e9occupations environnementales dans les aspects pertinents de la politique \u00e9conomique de mani\u00e8re \u00e0 pr\u00e9venir et ma\u00eetriser les cons\u00e9quences n\u00e9gatives sur l\u2019environnement et les \u00e9cosyst\u00e8mes qui pourraient r\u00e9sulter du d\u00e9veloppement.<br \/>Au Maroc, la SNDD, \u00e9labor\u00e9e par le minist\u00e8re de l\u2019\u00e9nergie, des mines et de l\u2019environnement \u2013 d\u00e9partement de l\u2019environnement, dans le cadre d\u2019un large processus de concertation et qui a \u00e9t\u00e9 adopt\u00e9e le 25 juin 2017 par le Conseil des ministres sous la pr\u00e9sidence effective de Sa Majest\u00e9 le Roi Mohammed VI traduit la volont\u00e9 de notre pays d\u2019inscrire les efforts de d\u00e9veloppement \u00e9conomique, social et culturel dans une perspective durable. Toutes les dispositions n\u00e9cessaires pour acc\u00e9l\u00e9rer sa mise en \u0153uvre ont \u00e9t\u00e9 prises, \u00e0 savoir le renforcement du cadre de gouvernance \u00e0 travers la Commission nationale de d\u00e9veloppement durable, l\u2019\u00e9laboration et l\u2019actualisation des Plans d\u2019actions sectoriels de d\u00e9veloppement durable (PADD) en collaboration avec les d\u00e9partements minist\u00e9riels, l\u2019\u00e9laboration du Pacte de l\u2019exemplarit\u00e9 de l\u2019administration (PEA) et d\u2019un guide pour sa mise en \u0153uvre et la mise en place d\u2019un syst\u00e8me de suivi.<\/p>\n<div class=\"base-box mom_box_sc_custom mom_box_sc clear c6\" readability=\"26\">\n<p><span class=\"c5\"><strong>Transition<\/strong><\/span><\/p>\n<p><a href=\"https:http:\/\/aujourdhui.ma\/wp-content\/uploads\/2020\/11\/Capture-decran-2020-11-12-a-17.58.jpg\"><img decoding=\"async\" loading=\"lazy\" class=\"alignnone size-full wp-image-360359\" src=\"http:\/\/aujourdhui.ma\/wp-content\/uploads\/2020\/11\/Capture-decran-2020-11-12-a-17.58.jpg\" alt=\"\" width=\"746\" height=\"380\" srcset=\"http:\/\/aujourdhui.ma\/wp-content\/uploads\/2020\/11\/Capture-decran-2020-11-12-a-17.58.jpg 746w, \/\/aujourdhui.ma\/wp-content\/uploads\/2020\/11\/Capture-decran-2020-11-12-a-17.58-300x153.jpg 300w, \/\/aujourdhui.ma\/wp-content\/uploads\/2020\/11\/Capture-decran-2020-11-12-a-17.58-274x140.jpg 274w, \/\/aujourdhui.ma\/wp-content\/uploads\/2020\/11\/Capture-decran-2020-11-12-a-17.58-165x84.jpg 165w, \/\/aujourdhui.ma\/wp-content\/uploads\/2020\/11\/Capture-decran-2020-11-12-a-17.58-702x358.jpg 702w\" sizes=\"auto, (max-width: 746px) 100vw, 746px\"\/><\/a><\/p>\n<p>Cette strat\u00e9gie ambitionne une transition vers une \u00e9conomie verte d\u2019ici 2030 \u00e0 travers un ensemble de r\u00e9formes politiques, institutionnelles, r\u00e9glementaires et financi\u00e8res, pour promouvoir notamment : le d\u00e9veloppement des \u00e9nergies renouvelables, l\u2019efficacit\u00e9 \u00e9nerg\u00e9tique, l\u2019\u00e9conomie de l\u2019eau, la gestion durable des d\u00e9chets solides et liquides et la r\u00e9silience face aux impacts des changements climatiques. Elle constitue \u00e0 cet \u00e9gard le cadre f\u00e9d\u00e9rateur de toutes les strat\u00e9gies sectorielles pour assurer la transition de notre pays vers une \u00e9conomie verte et inclusive.<br \/>En effet, l\u2019enjeu 2 de la SNDD met en avant les principaux secteurs productifs, au sein desquels les gisements de cr\u00e9ation de valeur et d\u2019emplois sont importants, mais \u00e9galement avec un fort potentiel d\u2019att\u00e9nuation des pressions sur les ressources. Au titre de cet enjeu, 11 axes strat\u00e9giques ont \u00e9t\u00e9 identifi\u00e9s pour r\u00e9ussir cette transition dans plusieurs secteurs, notamment l\u2019agriculture, l\u2019industrie, l\u2019urbanisme, le tourisme, le transport et l\u2019\u00e9nergie et mines.<br \/>Dans le cadre de ce processus de transition vers une \u00e9conomie verte et inclusive, plusieurs programmes sont en cours d\u2019ex\u00e9cution au niveau des diff\u00e9rents secteurs dans l\u2019objectif de concilier le processus de production avec les exigences de durabilit\u00e9 tout en cr\u00e9ant de nouvelles opportunit\u00e9s d\u2019investissement et d\u2019emplois. Une politique volontariste en mati\u00e8re de changement climatique et des secteurs sur la voie d\u2019un d\u00e9veloppement sobre en carbone.<\/p>\n<\/div>\n<div class=\"base-box mom_box_sc_custom mom_box_sc clear c8\" readability=\"22\">\n<p><span class=\"c7\"><strong>Faible \u00e9mission<\/strong><\/span><\/p>\n<p>Le Maroc b\u00e9n\u00e9ficie d\u2019un statut de faible \u00e9metteur des gaz \u00e0 effet de serre, il est soumis de par sa position g\u00e9ographique \u00e0 une grande vuln\u00e9rabilit\u00e9 naturelle aux impacts des changements climatiques (d\u00e9sertification, inondations, rar\u00e9faction des ressources en eau\u2026), ce qui constitue un d\u00e9fi majeur pour le d\u00e9veloppement de l\u2019\u00e9conomie. Pour y faire face, notre pays a mis en place une politique climatique ambitieuse qui a \u00e9t\u00e9 consacr\u00e9e dans la Contribution d\u00e9termin\u00e9e au niveau national du Maroc (CDN) au titre de la Convention des Nations Unies sur le Climat, consid\u00e9r\u00e9e comme compatible avec l\u2019objectif mondial de limitation de l\u2019augmentation de la temp\u00e9rature mondiale \u00e0 1.5\u00b0C. La CDN Maroc vise un objectif de r\u00e9duction des \u00e9missions de GES de 42% \u00e0 l\u2019horizon 2030. Cet objectif correspond \u00e0 une r\u00e9duction cumul\u00e9e de 523,5 Mt \u00e9q-CO2 sur la p\u00e9riode 2020-2030. Dans le cadre de la mise en \u0153uvre de sa Contribution d\u00e9termin\u00e9e au niveau national (NDC), un Plan climat national (2020-2030) a \u00e9t\u00e9 \u00e9labor\u00e9 et vise \u00e0 instaurer durablement un mode de d\u00e9veloppement bas carbone et r\u00e9silient au climat. De m\u00eame, un Plan national d\u2019adaptation qui a pour objectif de renforcer la r\u00e9silience de fa\u00e7on ad\u00e9quate et urgente de la population et des territoires a vu le jour. Cette ambition a \u00e9t\u00e9 possible gr\u00e2ce \u00e0 la politique volontariste de notre pays en mati\u00e8re de d\u00e9veloppement des \u00e9nergies renouvelables qui s\u2019est fix\u00e9 comme objectifs l\u2019augmentation de la part de ces \u00e9nergies \u00e0 52% de capacit\u00e9 d\u2019\u00e9nergie \u00e9lectrique install\u00e9e en 2030, mais aussi dans le domaine de l\u2019efficacit\u00e9 \u00e9nerg\u00e9tique, la promotion de l\u2019hydrog\u00e8ne et la valorisation de la biomasse, pour atteindre l\u2019objectif d\u2019une \u00e9conomie sobre en carbone align\u00e9e avec l\u2019accord de Paris.<\/p>\n<\/div>\n<div class=\"base-box mom_box_sc_custom mom_box_sc clear c9\" readability=\"21\">\n<p><strong><span class=\"c7\">Plan Maroc Vert<\/span><\/strong><\/p>\n<p><a href=\"https:http:\/\/aujourdhui.ma\/wp-content\/uploads\/2020\/11\/Plan-Maroc-Vert.jpg\"><img decoding=\"async\" loading=\"lazy\" class=\"alignnone size-full wp-image-360362\" src=\"http:\/\/aujourdhui.ma\/wp-content\/uploads\/2020\/11\/Plan-Maroc-Vert.jpg\" alt=\"\" width=\"746\" height=\"380\" srcset=\"http:\/\/aujourdhui.ma\/wp-content\/uploads\/2020\/11\/Plan-Maroc-Vert.jpg 746w, \/\/aujourdhui.ma\/wp-content\/uploads\/2020\/11\/Plan-Maroc-Vert-300x153.jpg 300w, \/\/aujourdhui.ma\/wp-content\/uploads\/2020\/11\/Plan-Maroc-Vert-274x140.jpg 274w, \/\/aujourdhui.ma\/wp-content\/uploads\/2020\/11\/Plan-Maroc-Vert-165x84.jpg 165w, \/\/aujourdhui.ma\/wp-content\/uploads\/2020\/11\/Plan-Maroc-Vert-702x358.jpg 702w\" sizes=\"auto, (max-width: 746px) 100vw, 746px\"\/><\/a><\/p>\n<p>D\u2019autre part, dans le domaine de l\u2019agriculture, le Plan Maroc Vert (PMV) qui repose sur deux piliers majeurs \u2013 l\u2019agriculture moderne et l\u2019agriculture solidaire \u2013 a permis d\u2019assurer l\u2019int\u00e9gration de la durabilit\u00e9 socio-\u00e9conomique, en augmentant de mani\u00e8re significative le revenu agricole des exploitants les plus fragiles, notamment dans les zones p\u00e9riph\u00e9riques, et qui sera renforc\u00e9 en prenant en consid\u00e9ration une meilleure gestion des sols, une valorisation des d\u00e9chets g\u00e9n\u00e9r\u00e9s ou encore le renforcement de l\u2019int\u00e9gration de l\u2019adaptation au changement climatique. Ces mesures seront davantage renforc\u00e9es dans le nouveau programme qui vient d\u2019\u00eatre lanc\u00e9 \u00abG\u00e9n\u00e9ration Green 2020-2030\u00bb.<br \/>En relation avec le secteur de la p\u00eache, la strat\u00e9gie sectorielle Halieutis a permis d\u2019inscrire ce secteur dans la durabilit\u00e9 pour pr\u00e9server les ressources halieutiques, la qualit\u00e9 et la sant\u00e9 des mers et oc\u00e9ans, moderniser le secteur de la p\u00eache artisanale, am\u00e9liorer les conditions de travail des artisans p\u00eacheurs et valoriser les produits de la p\u00eache. Des efforts suppl\u00e9mentaires seront d\u00e9ploy\u00e9s pour reconstituer les stocks des esp\u00e8ces exploit\u00e9es et de renforcer les programmes de formalisation de l\u2019informel.<br \/>Concernant le transport, la mise en \u0153uvre de modes de transports propres \u00e0 l\u2019instar des tramways et des bus \u00e9lectriques dans certaines villes est un levier fondamental pour r\u00e9duire la consommation des combustibles et la facture \u00e9nerg\u00e9tique du Maroc. La Strat\u00e9gie nationale de la logistique vise une r\u00e9duction des co\u00fbts associ\u00e9s ainsi qu\u2019une contribution au d\u00e9veloppement durable \u00e0 travers la r\u00e9duction des nuisances.<\/p>\n<\/div>\n<div class=\"base-box mom_box_sc_custom mom_box_sc clear c6\" readability=\"25\">\n<p><span class=\"c5\"><strong>Valorisation<\/strong><\/span><\/p>\n<p>Parall\u00e8lement, le Programme national des d\u00e9chets m\u00e9nagers (PNDM) lanc\u00e9 par ce minist\u00e8re en collaboration avec le minist\u00e8re de l\u2019int\u00e9rieur en 2009 s\u2019est fix\u00e9 comme objectifs le recours \u00e0 des pratiques d\u2019\u00e9limination respectant l\u2019environnement, la cr\u00e9ation d\u2019emplois et la promotion des conditions socio-\u00e9conomiques des employ\u00e9s du secteur, notamment \u00e0 travers la promotion des activit\u00e9s de tri, recyclage et valorisation, par le biais de la mise en place de 26 Centres d\u2019enfouissement et de valorisation (CEV) pour un investissement global de 3,8 milliards DH et qui a permis d\u2019atteindre un taux de mise en d\u00e9charge des d\u00e9chets d\u2019environ 62%.<br \/>Ainsi, \u00e0 travers une d\u00e9marche partenariale et collaborative impliquant tous les acteurs concern\u00e9s aussi bien publics que priv\u00e9s, il a \u00e9t\u00e9 proc\u00e9d\u00e9 \u00e0 l\u2019identification et la mise en place des fili\u00e8res prioritaires ciblant notamment les batteries \u00e0 plomb usag\u00e9es, les pneus us\u00e9s, les huiles de moteur usag\u00e9es, le papier et carton, les huiles alimentaires usag\u00e9es, les d\u00e9chets des \u00e9quipements \u00e9lectriques et \u00e9lectroniques, les d\u00e9chets de construction et de d\u00e9molition, les d\u00e9chets incluant le plastique et les v\u00e9hicules en fin de vie. Six conventions ont \u00e9t\u00e9 sign\u00e9es avec le secteur priv\u00e9 afin de structurer et d\u00e9velopper 6 fili\u00e8res parmi celles recens\u00e9es prioritaires sur l\u2019ensemble du territoire. De m\u00eame 10 autres fili\u00e8res sont en phase de diagnostic ou d\u2019\u00e9tude.<\/p>\n<\/div>\n<div class=\"base-box mom_box_sc_custom mom_box_sc clear c8\" readability=\"24\">\n<p><strong><span class=\"c7\">L\u2019\u00e9conomie circulaire, un chantier phare pour la transition vers l\u2019\u00e9conomie verte<\/span><\/strong><\/p>\n<p>Une attention particuli\u00e8re est accord\u00e9e \u00e0 l\u2019\u00e9volution de notre \u00e9conomie visant le passage d\u2019une \u00e9conomie lin\u00e9aire, o\u00f9 le d\u00e9veloppement est coupl\u00e9 \u00e0 l\u2019\u00e9puisement des ressources naturelles parfois non renouvelables et \u00e0 l\u2019accroissement des quantit\u00e9s de d\u00e9chets, vers une \u00e9conomie circulaire qui cherche \u00e0 optimiser les flux de mati\u00e8re et d\u2019\u00e9nergie, \u00e0 r\u00e9duire et \u00e0 contr\u00f4ler les rejets et les d\u00e9chets.<br \/>Dans le secteur des d\u00e9chets, l\u2019objectif de la r\u00e9forme enclench\u00e9e est de promouvoir leur valorisation en tant que mati\u00e8re secondaire, \u00e0 r\u00e9duire la pression sur les ressources et \u00e0 mettre les fondements d\u2019une \u00e9conomie circulaire et inclusive en tant qu\u2019approche concr\u00e8te et op\u00e9rationnelle de l\u2019\u00e9conomie verte.<br \/>Cette r\u00e9forme est en effet un axe strat\u00e9gique de la transition vers une \u00e9conomie verte, qui vise la promotion d\u2019une gestion int\u00e9gr\u00e9e des d\u00e9chets pour mettre en \u0153uvre une \u00e9conomie circulaire.<br \/>Le recours \u00e0 l\u2019\u00e9conomie circulaire (r\u00e9duire, r\u00e9utiliser, recycler) est un chantier cl\u00e9 de la gestion durable des d\u00e9chets et a constitu\u00e9 une r\u00e9f\u00e9rence pour le lancement du Programme national de valorisation des d\u00e9chets. Ce Programme a \u00e9t\u00e9 con\u00e7u pour concr\u00e9tiser cette volont\u00e9 de d\u00e9velopper la dimension productive des d\u00e9chets \u00e0 travers le recyclage, la valorisation, et l\u2019innovation dans la gestion des mat\u00e9riaux afin de rompre avec le mod\u00e8le lin\u00e9aire. Outre ses b\u00e9n\u00e9fices \u00e9cologiques, ce programme est cr\u00e9ateur de richesse et d\u2019emplois sur l\u2019ensemble du territoire et son d\u00e9veloppement doit permettre \u00e0 notre pays d\u2019en tirer un avantage en mati\u00e8re de r\u00e9duction des importations et de pr\u00e9servation des ressources.<\/p>\n<\/div>\n<div class=\"base-box mom_box_sc_custom mom_box_sc clear c6\" readability=\"26\">\n<p><span class=\"c7\"><strong>L\u2019innovation technologique, un levier pour encourager l\u2019entrepreneuriat vert chez les jeunes<\/strong><\/span><\/p>\n<p><a href=\"https:http:\/\/aujourdhui.ma\/wp-content\/uploads\/2020\/11\/Linnovation-technologique-un-levier-pour-encourager-lentrepreneuriat-vert-chez-les-jeunes.jpg\"><img decoding=\"async\" loading=\"lazy\" class=\"alignnone size-full wp-image-360361\" src=\"http:\/\/aujourdhui.ma\/wp-content\/uploads\/2020\/11\/Linnovation-technologique-un-levier-pour-encourager-lentrepreneuriat-vert-chez-les-jeunes.jpg\" alt=\"\" width=\"746\" height=\"380\" srcset=\"http:\/\/aujourdhui.ma\/wp-content\/uploads\/2020\/11\/Linnovation-technologique-un-levier-pour-encourager-lentrepreneuriat-vert-chez-les-jeunes.jpg 746w, \/\/aujourdhui.ma\/wp-content\/uploads\/2020\/11\/Linnovation-technologique-un-levier-pour-encourager-lentrepreneuriat-vert-chez-les-jeunes-300x153.jpg 300w, \/\/aujourdhui.ma\/wp-content\/uploads\/2020\/11\/Linnovation-technologique-un-levier-pour-encourager-lentrepreneuriat-vert-chez-les-jeunes-274x140.jpg 274w, \/\/aujourdhui.ma\/wp-content\/uploads\/2020\/11\/Linnovation-technologique-un-levier-pour-encourager-lentrepreneuriat-vert-chez-les-jeunes-165x84.jpg 165w, \/\/aujourdhui.ma\/wp-content\/uploads\/2020\/11\/Linnovation-technologique-un-levier-pour-encourager-lentrepreneuriat-vert-chez-les-jeunes-702x358.jpg 702w\" sizes=\"auto, (max-width: 746px) 100vw, 746px\"\/><\/a><\/p>\n<p>Les d\u00e9fis que nous impose la transition vers l\u2019\u00e9conomie verte ne peuvent \u00eatre relev\u00e9s sans le recours \u00e0 l\u2019innovation qui doit nous montrer la voie vers de nouvelles technologies adapt\u00e9es au contexte national et qui peuvent nous aider \u00e0 rationaliser et \u00e0 optimiser, autant que possible, la gestion de nos ressources naturelles et \u00e0 r\u00e9duire le co\u00fbt de la d\u00e9gradation de notre environnement, tout en contribuant \u00e0 l\u2019am\u00e9lioration du cadre de vie de nos citoyens.<br \/>Et c\u2019est dans ce cadre que le minist\u00e8re a mis en place avec ses partenaires un ambitieux Programme de promotion de l\u2019entrepreneuriat vert \u00e0 travers l\u2019organisation de comp\u00e9titions annuelles visant \u00e0 soutenir les projets les plus innovants, par un programme d\u2019accompagnement et un appui financier.<br \/>Lanc\u00e9 en 2016, ce Programme a permis d\u2019accompagner 120 jeunes entrepreneurs et de contribuer au financement de 28 startups \u00e0 hauteur de 4,4 M DH autour des th\u00e9matiques li\u00e9es \u00e0 la valorisation des d\u00e9chets, la gestion rationnelle de l\u2019eau, l\u2019efficacit\u00e9 \u00e9nerg\u00e9tique, les \u00e9nergies renouvelables, et le b\u00e2timent vert.<br \/>Les laur\u00e9ats de ce concours re\u00e7oivent une dotation financi\u00e8re pour l\u2019acquisition d\u2019\u00e9quipements et de services, et un accompagnement technique personnalis\u00e9, destin\u00e9s \u00e0 les propulser sur le march\u00e9.<br \/>Outre l\u2019appui aux jeunes startups innovantes, le Programme permet de communiquer et d\u2019informer sur les opportunit\u00e9s d\u2019emplois verts qui vont \u00e9merger avec la mise en \u0153uvre de la SNDD au niveau des secteurs et des territoires.<\/p>\n<\/div>\n<p>Auteur: Mohamed Badrane<br \/>\n<a href=\"https:\/\/aujourdhui.ma\/economie\/developpement-durable-une-strategie-nationale-pour-federer-les-politiques-publiques\">Cliquez ici pour lire l&rsquo;article depuis sa source.<\/a><\/p>\n","protected":false},"excerpt":{"rendered":"<p>La SNDD, cadre f\u00e9d\u00e9rateur des politiques sectorielles pour assurer la transition vers une \u00e9conomie verte et inclusive L\u2019\u00e9mergence du concept de l\u2019\u00e9conomie verte au niveau international en tant que nouveau paradigme t\u00e9moigne d\u2019une prise de conscience accrue de la limite des mod\u00e8les actuels de d\u00e9veloppement. En effet, le potentiel de croissance \u00e9conomique future et le [&hellip;]<\/p>\n","protected":false},"author":1759,"featured_media":104567,"comment_status":"closed","ping_status":"closed","sticky":false,"template":"","format":"standard","meta":{"fifu_image_url":"","fifu_image_alt":"","footnotes":""},"categories":[73,54],"tags":[],"class_list":["post-104566","post","type-post","status-publish","format-standard","has-post-thumbnail","hentry","category-actualite","category-maroc"],"_links":{"self":[{"href":"https:\/\/linitiative.ca\/International\/wp-json\/wp\/v2\/posts\/104566","targetHints":{"allow":["GET"]}}],"collection":[{"href":"https:\/\/linitiative.ca\/International\/wp-json\/wp\/v2\/posts"}],"about":[{"href":"https:\/\/linitiative.ca\/International\/wp-json\/wp\/v2\/types\/post"}],"author":[{"embeddable":true,"href":"https:\/\/linitiative.ca\/International\/wp-json\/wp\/v2\/users\/1759"}],"replies":[{"embeddable":true,"href":"https:\/\/linitiative.ca\/International\/wp-json\/wp\/v2\/comments?post=104566"}],"version-history":[{"count":0,"href":"https:\/\/linitiative.ca\/International\/wp-json\/wp\/v2\/posts\/104566\/revisions"}],"wp:featuredmedia":[{"embeddable":true,"href":"https:\/\/linitiative.ca\/International\/wp-json\/"}],"wp:attachment":[{"href":"https:\/\/linitiative.ca\/International\/wp-json\/wp\/v2\/media?parent=104566"}],"wp:term":[{"taxonomy":"category","embeddable":true,"href":"https:\/\/linitiative.ca\/International\/wp-json\/wp\/v2\/categories?post=104566"},{"taxonomy":"post_tag","embeddable":true,"href":"https:\/\/linitiative.ca\/International\/wp-json\/wp\/v2\/tags?post=104566"}],"curies":[{"name":"wp","href":"https:\/\/api.w.org\/{rel}","templated":true}]}}