{"id":104568,"date":"2020-11-13T11:37:41","date_gmt":"2020-11-13T16:37:41","guid":{"rendered":"https:\/\/linitiative.ca\/International\/journee-mondiale-du-diabete-le-personnel-infirmier-mis-a-lhonneur\/"},"modified":"2020-11-13T11:37:41","modified_gmt":"2020-11-13T16:37:41","slug":"journee-mondiale-du-diabete-le-personnel-infirmier-mis-a-lhonneur","status":"publish","type":"post","link":"https:\/\/linitiative.ca\/International\/journee-mondiale-du-diabete-le-personnel-infirmier-mis-a-lhonneur\/","title":{"rendered":"Journ\u00e9e mondiale du diab\u00e8te : Le personnel infirmier mis \u00e0 l\u2019honneur \u00a0"},"content":{"rendered":"<header>\n<\/header>\n<div class=\"entry-content clearfix\" readability=\"59\"><img decoding=\"async\" class=\"post_layout_5_img\" src=\"https:\/\/aujourdhui.ma\/wp-content\/uploads\/2019\/02\/Diabetes.jpg\" alt=\"Journ&#xE9;e mondiale du diab&#xE8;te : Le personnel infirmier mis &#xE0; l&#x2019;honneur &#xA0;\"\/><\/p>\n<p class=\"c7\"><span class=\"c6\"><strong><span class=\"c5\">Le Maroc f\u00eatera samedi 14 novembre 2020, la Journ\u00e9e Mondiale du Diab\u00e8te (JMD).<\/span><\/strong><\/span><span id=\"more-360428\"\/><\/p>\n<p class=\"c7\"><span class=\"c8\">Cette ann\u00e9e le th\u00e8me choisi par l\u2019OMS et la F\u00e9d\u00e9ration Internationale du Diab\u00e8te (IDF) est \u00abLe personnel infirmier et le diab\u00e8te\u00bb. Cette manifestation porte pour slogan \u00abPersonnel infirmier: marquez la diff\u00e9rence dans la gestion du diab\u00e8te\u00bb. \u00abLe diab\u00e8te est une r\u00e9elle menace sanitaire qui figure parmi les dix principales causes de d\u00e9c\u00e8s \u00e0 l\u2019\u00e9chelle mondiale. En effet, si cette maladie n\u2019est pas prise en charge correctement les diab\u00e9tiques sont \u00e0 risque de d\u00e9velopper un certain nombre de complications graves telles que la c\u00e9cit\u00e9, l\u2019insuffisance r\u00e9nale terminale chronique et les amputations des membres inf\u00e9rieurs.<\/span><\/p>\n<p class=\"c7\"><span class=\"c8\">Et vu le contexte particulier de la pand\u00e9mie de la COVID-19, la situation devient plus probl\u00e9matique car la l\u00e9talit\u00e9 li\u00e9e \u00e0 la COVID-19 est significativement plus \u00e9lev\u00e9e chez les personnes \u00e2g\u00e9es porteuses de co-morbidit\u00e9s notamment le diab\u00e8te\u00bb, explique le minist\u00e8re de la Sant\u00e9 dans un r\u00e9cent communiqu\u00e9. Selon une Enqu\u00eate \u00abStepwise\u00bb (2018), on compte 20\u00a0000 enfants et\u00a02.5 millions d\u2019adultes diab\u00e9tiques dont 49% m\u00e9connaissent leur maladie et 2,2 millions sont pr\u00e9diab\u00e9tiques. Le Minist\u00e8re de la Sant\u00e9 se dit dans ce sens prendre en charge 958\u00a0000 diab\u00e9tiques au niveau des \u00e9tablissements des soins de sant\u00e9 primaires dont 60% sont des ramedistes. Il tient \u00e0 rappeler que\u00a0le personnel infirmier fait un travail remarquable aux c\u00f4t\u00e9s des m\u00e9decins pour prendre en charge les patients diab\u00e9tiques \u00e0 tous les niveaux de soins\u00a0et que gr\u00e2ce \u00e0 un diagnostic pr\u00e9coce et une prise en charge appropri\u00e9e, les complications graves et co\u00fbteuses dues au diab\u00e8te peuvent \u00eatre \u00e9vit\u00e9es.<\/span><\/p>\n<p class=\"c7\"><span class=\"c8\">Le Minist\u00e8re de la sant\u00e9 conclut que l\u2019adoption d\u2019un mode de vie sain la survenue du diab\u00e8te de type 2 peut \u00eatre retard\u00e9e voire m\u00eame \u00e9vit\u00e9e\u00a0et que la ma\u00eetrise du diab\u00e8te dans notre pays est une responsabilit\u00e9 individuelle et collective qui doit se traduire par des actions coordonn\u00e9es et concert\u00e9es entre plusieurs acteurs (Gouvernement, Institutions, Parlement, Soci\u00e9t\u00e9s savantes, Soci\u00e9t\u00e9s civiles).<\/span><\/p>\n<\/div>\n<p>Auteur: ALM<br \/>\n<a href=\"https:\/\/aujourdhui.ma\/societe\/journee-mondiale-du-diabete-le-personnel-infirmier-mis-a-lhonneur\">Cliquez ici pour lire l&rsquo;article depuis sa source.<\/a><\/p>\n","protected":false},"excerpt":{"rendered":"<p>Le Maroc f\u00eatera samedi 14 novembre 2020, la Journ\u00e9e Mondiale du Diab\u00e8te (JMD). Cette ann\u00e9e le th\u00e8me choisi par l\u2019OMS et la F\u00e9d\u00e9ration Internationale du Diab\u00e8te (IDF) est \u00abLe personnel infirmier et le diab\u00e8te\u00bb. Cette manifestation porte pour slogan \u00abPersonnel infirmier: marquez la diff\u00e9rence dans la gestion du diab\u00e8te\u00bb. \u00abLe diab\u00e8te est une r\u00e9elle menace [&hellip;]<\/p>\n","protected":false},"author":1759,"featured_media":104569,"comment_status":"closed","ping_status":"closed","sticky":false,"template":"","format":"standard","meta":{"fifu_image_url":"","fifu_image_alt":"","footnotes":""},"categories":[73,54],"tags":[],"class_list":["post-104568","post","type-post","status-publish","format-standard","has-post-thumbnail","hentry","category-actualite","category-maroc"],"_links":{"self":[{"href":"https:\/\/linitiative.ca\/International\/wp-json\/wp\/v2\/posts\/104568","targetHints":{"allow":["GET"]}}],"collection":[{"href":"https:\/\/linitiative.ca\/International\/wp-json\/wp\/v2\/posts"}],"about":[{"href":"https:\/\/linitiative.ca\/International\/wp-json\/wp\/v2\/types\/post"}],"author":[{"embeddable":true,"href":"https:\/\/linitiative.ca\/International\/wp-json\/wp\/v2\/users\/1759"}],"replies":[{"embeddable":true,"href":"https:\/\/linitiative.ca\/International\/wp-json\/wp\/v2\/comments?post=104568"}],"version-history":[{"count":0,"href":"https:\/\/linitiative.ca\/International\/wp-json\/wp\/v2\/posts\/104568\/revisions"}],"wp:featuredmedia":[{"embeddable":true,"href":"https:\/\/linitiative.ca\/International\/wp-json\/"}],"wp:attachment":[{"href":"https:\/\/linitiative.ca\/International\/wp-json\/wp\/v2\/media?parent=104568"}],"wp:term":[{"taxonomy":"category","embeddable":true,"href":"https:\/\/linitiative.ca\/International\/wp-json\/wp\/v2\/categories?post=104568"},{"taxonomy":"post_tag","embeddable":true,"href":"https:\/\/linitiative.ca\/International\/wp-json\/wp\/v2\/tags?post=104568"}],"curies":[{"name":"wp","href":"https:\/\/api.w.org\/{rel}","templated":true}]}}