{"id":104571,"date":"2020-11-13T04:02:46","date_gmt":"2020-11-13T09:02:46","guid":{"rendered":"https:\/\/linitiative.ca\/International\/transferts-personnels-lafrique-du-nord-saccapare-20-des-flux-sortants-extra-ue\/"},"modified":"2020-11-13T04:02:46","modified_gmt":"2020-11-13T09:02:46","slug":"transferts-personnels-lafrique-du-nord-saccapare-20-des-flux-sortants-extra-ue","status":"publish","type":"post","link":"https:\/\/linitiative.ca\/International\/transferts-personnels-lafrique-du-nord-saccapare-20-des-flux-sortants-extra-ue\/","title":{"rendered":"Transferts personnels : l\u2019Afrique du Nord s\u2019accapare 20% des flux sortants extra-UE"},"content":{"rendered":"<div class=\"td-post-content\">\n<h2>En 2019, les transferts personnels extra-UE \u00e9taient principalement dirig\u00e9s vers l\u2019Asie et l\u2019Afrique du<\/h2>\n<h2>Nord. En effet, chacune de ces deux r\u00e9gions s\u2019accapare 20% du total des flux sortants extra-UE, suivis<\/h2>\n<h2>par les pays europ\u00e9ens hors-UE (19%), l\u2019Am\u00e9rique du Sud (16%) et l\u2019Afrique centrale et australe (12%).<\/h2>\n<p>Selon\u00a0<a href=\"https:\/\/ec.europa.eu\/eurostat\" target=\"_blank\" rel=\"noopener noreferrer\">l\u2019Eurostat<\/a>, l\u2019office statistique de l\u2019Union europ\u00e9enne, en 2019, les sommes d\u2019argent envoy\u00e9es par les r\u00e9sidents de l\u2019Union europ\u00e9enne (UE) vers les pays hors-UE, appel\u00e9es transferts personnels, se sont \u00e9lev\u00e9es \u00e0 33,2 milliards d\u2019euros. Et ce, contre 30,8 milliards en 2018.<\/p>\n<p class=\"td-modal-image\"><a class=\"\" href=\"https:\/\/i1.wp.com\/www.leconomistemaghrebin.com\/wp-content\/uploads\/2020\/11\/transferts-Afrique-UE.jpg\"><img loading=\"lazy\" decoding=\"async\" class=\"alignleft size-full wp-image-358512 jetpack-lazy-image jetpack-lazy-image--handled\" src=\"https:\/\/i1.wp.com\/www.leconomistemaghrebin.com\/wp-content\/uploads\/2020\/11\/transferts-Afrique-UE.jpg?resize=696,423\" alt=\"transferts Afrique UE\" width=\"696\" height=\"423\" data-recalc-dims=\"1\" data-lazy-loaded=\"1\"\/><\/a><\/p>\n<p>En effet, les flux entrants dans l\u2019UE ont quant \u00e0 eux atteints 13,0 milliards d\u2019euros en 2019. Et ce, contre 12,4 milliards d\u2019euros en 2018. Ainsi, il en a r\u00e9sult\u00e9 un solde n\u00e9gatif (-20,2 milliards d\u2019euros) pour l\u2019UE avec le reste du monde.<\/p>\n<p>Notons que la majorit\u00e9 des transferts personnels se compose de fonds envoy\u00e9s par les migrants dans leurs pays d\u2019origine.<\/p>\n<p>Les flux sortants de transferts personnels en 2019 ont \u00e9t\u00e9 les plus \u00e9lev\u00e9s depuis la France (11,9 mrds d\u2019euros). La France \u00e9tait suivie de l\u2019Espagne (8,5 mrds d\u2019euros), de l\u2019Italie (6,7 mrds d\u2019euros), de l\u2019Allemagne (5,4 mrds d\u2019euros) et de la Belgique (1,4 mrds d\u2019euros).<\/p>\n<\/div>\n<footer>\n<\/footer>\n<div class=\"wp-post-author-wrap wp-post-author-shortcode left\">\n<h3 class=\"awpa-title\"\/>\n<div class=\"wp-post-author\">\n<div class=\"awpa-img awpa-author-block square\"><a href=\"http:\/\/lexpertjournal.net\/fr\/?author=5\"><img loading=\"lazy\" decoding=\"async\" alt=\"\" src=\"http:\/\/0.gravatar.com\/avatar\/97f8e10a1c1125ba104a76514ee07b16?s=150&amp;d=mm&amp;r=g\" srcset=\"http:\/\/0.gravatar.com\/avatar\/97f8e10a1c1125ba104a76514ee07b16?s=300&amp;d=mm&amp;r=g 2x\" class=\"avatar avatar-150 photo\" height=\"150\" width=\"150\"\/><\/a><\/div>\n<\/div>\n<\/div>\n<aside class=\"mashsb-container mashsb-main mashsb-stretched\">\n<\/aside>\n<p>Auteur: L&rsquo;expert<br \/>\n<a href=\"http:\/\/lexpertjournal.net\/fr\/?p=17251\">Cliquez ici pour lire l&rsquo;article depuis sa source.<\/a><\/p>\n","protected":false},"excerpt":{"rendered":"<p>En 2019, les transferts personnels extra-UE \u00e9taient principalement dirig\u00e9s vers l\u2019Asie et l\u2019Afrique du Nord. En effet, chacune de ces deux r\u00e9gions s\u2019accapare 20% du total des flux sortants extra-UE, suivis par les pays europ\u00e9ens hors-UE (19%), l\u2019Am\u00e9rique du Sud (16%) et l\u2019Afrique centrale et australe (12%). Selon\u00a0l\u2019Eurostat, l\u2019office statistique de l\u2019Union europ\u00e9enne, en 2019, [&hellip;]<\/p>\n","protected":false},"author":1775,"featured_media":0,"comment_status":"closed","ping_status":"closed","sticky":false,"template":"","format":"standard","meta":{"fifu_image_url":"","fifu_image_alt":"","footnotes":""},"categories":[78,55],"tags":[],"class_list":["post-104571","post","type-post","status-publish","format-standard","hentry","category-economie","category-tunisie"],"_links":{"self":[{"href":"https:\/\/linitiative.ca\/International\/wp-json\/wp\/v2\/posts\/104571","targetHints":{"allow":["GET"]}}],"collection":[{"href":"https:\/\/linitiative.ca\/International\/wp-json\/wp\/v2\/posts"}],"about":[{"href":"https:\/\/linitiative.ca\/International\/wp-json\/wp\/v2\/types\/post"}],"author":[{"embeddable":true,"href":"https:\/\/linitiative.ca\/International\/wp-json\/wp\/v2\/users\/1775"}],"replies":[{"embeddable":true,"href":"https:\/\/linitiative.ca\/International\/wp-json\/wp\/v2\/comments?post=104571"}],"version-history":[{"count":0,"href":"https:\/\/linitiative.ca\/International\/wp-json\/wp\/v2\/posts\/104571\/revisions"}],"wp:attachment":[{"href":"https:\/\/linitiative.ca\/International\/wp-json\/wp\/v2\/media?parent=104571"}],"wp:term":[{"taxonomy":"category","embeddable":true,"href":"https:\/\/linitiative.ca\/International\/wp-json\/wp\/v2\/categories?post=104571"},{"taxonomy":"post_tag","embeddable":true,"href":"https:\/\/linitiative.ca\/International\/wp-json\/wp\/v2\/tags?post=104571"}],"curies":[{"name":"wp","href":"https:\/\/api.w.org\/{rel}","templated":true}]}}