{"id":104578,"date":"2020-11-13T06:17:00","date_gmt":"2020-11-13T11:17:00","guid":{"rendered":"https:\/\/linitiative.ca\/International\/agression-militaire-marocaine-a-el-guerguerat\/"},"modified":"2020-11-13T06:17:00","modified_gmt":"2020-11-13T11:17:00","slug":"agression-militaire-marocaine-a-el-guerguerat","status":"publish","type":"post","link":"https:\/\/linitiative.ca\/International\/agression-militaire-marocaine-a-el-guerguerat\/","title":{"rendered":"Agression militaire marocaine \u00e0 El Guerguerat"},"content":{"rendered":"<div id=\"originalText\" readability=\"70\">\n<p>Le Maroc a men\u00e9 vendredi une agression militaire dans la r\u00e9gion d\u2019El Guerguerat, au sud-ouest du Sahara Occidental, o\u00f9 des Sahraouis civils manifestaient pacifiquement depuis le 21 octobre pour r\u00e9clamer la fermeture d\u00e9finitive de la br\u00e8che ill\u00e9gale cr\u00e9\u00e9e dans le mur de sable \u00e9rig\u00e9 par l\u2019occupant marocain, a-t-on confirm\u00e9 aupr\u00e8s de sources sahraouies. L&rsquo;agression est une violation de l&rsquo;accord de cessez-le-feu conclu en 1991.<\/p>\n<p>L&rsquo;agence sahraouie SPS a rapport\u00e9 de son c\u00f4t\u00e9, que les forces marocaines ont ouvert trois br\u00e8ches dans la r\u00e9gion d\u2019El Guerguerat, o\u00f9 ils ont men\u00e9 l&rsquo;agression contre les civils sahraouis.\u00a0<\/p>\n<p>Depuis plus de trois semaines, des Sahraouis civils (hommes et femmes) repr\u00e9sentant notamment des associations de jeunesse, des femmes, des travailleurs, d\u2019organisations de d\u00e9fense des droits de l\u2019homme et plusieurs ONG op\u00e9rant dans le domaine socioculturel, observent des sit-in \u00e0 diff\u00e9rents endroits le long du mur de sable \u00e9rig\u00e9 par l&rsquo;occupant marocain.<\/p>\n<p>Ils manifestent pour exiger notamment la fermeture d\u00e9finitive de la br\u00e8che ill\u00e9gale d&rsquo;El-Guerguerat dans l&rsquo;extr\u00eame sud-ouest du Sahara occidental.<\/p>\n<p>Les manifestations, se veulent, selon les organisateurs, un moyen de faire face aux man\u0153uvres et provocations marocaines et r\u00e9clamer l&rsquo;organisation du r\u00e9f\u00e9rendum d&rsquo;autod\u00e9termination, l&rsquo;objectif pour lequel a \u00e9t\u00e9 cr\u00e9\u00e9e la Mission des Nations unies au Sahara occidental (Minurso).\u00a0<\/p>\n<p>Aussi, les manifestants appellent \u00e0 mettre un terme \u00e0 la souffrance inacceptable du peuple sahraoui face au silence de l&rsquo;ONU notamment dans les territoires occup\u00e9s. Ils exigent \u00e9galement le retrait imm\u00e9diat des troupes marocaines des territoires sahraouis occup\u00e9s et de d\u00e9voiler le sort des disparus ainsi que la lib\u00e9ration de tous les prisonniers civils sahraouis d\u00e9tenus dans les ge\u00f4les marocaines.\u00a0<\/p>\n<p class=\"c6\"><strong>APS<\/strong><\/p>\n<\/div>\n<div id=\"text_core\" readability=\"70\">\n<p>Le Maroc a men\u00e9 vendredi une agression militaire dans la r\u00e9gion d\u2019El Guerguerat, au sud-ouest du Sahara Occidental, o\u00f9 des Sahraouis civils manifestaient pacifiquement depuis le 21 octobre pour r\u00e9clamer la fermeture d\u00e9finitive de la br\u00e8che ill\u00e9gale cr\u00e9\u00e9e dans le mur de sable \u00e9rig\u00e9 par l\u2019occupant marocain, a-t-on confirm\u00e9 aupr\u00e8s de sources sahraouies. L&rsquo;agression est une violation de l&rsquo;accord de cessez-le-feu conclu en 1991.<\/p>\n<p>L&rsquo;agence sahraouie SPS a rapport\u00e9 de son c\u00f4t\u00e9, que les forces marocaines ont ouvert trois br\u00e8ches dans la r\u00e9gion d\u2019El Guerguerat, o\u00f9 ils ont men\u00e9 l&rsquo;agression contre les civils sahraouis.\u00a0<\/p>\n<p>Depuis plus de trois semaines, des Sahraouis civils (hommes et femmes) repr\u00e9sentant notamment des associations de jeunesse, des femmes, des travailleurs, d\u2019organisations de d\u00e9fense des droits de l\u2019homme et plusieurs ONG op\u00e9rant dans le domaine socioculturel, observent des sit-in \u00e0 diff\u00e9rents endroits le long du mur de sable \u00e9rig\u00e9 par l&rsquo;occupant marocain.<\/p>\n<p>Ils manifestent pour exiger notamment la fermeture d\u00e9finitive de la br\u00e8che ill\u00e9gale d&rsquo;El-Guerguerat dans l&rsquo;extr\u00eame sud-ouest du Sahara occidental.<\/p>\n<p>Les manifestations, se veulent, selon les organisateurs, un moyen de faire face aux man\u0153uvres et provocations marocaines et r\u00e9clamer l&rsquo;organisation du r\u00e9f\u00e9rendum d&rsquo;autod\u00e9termination, l&rsquo;objectif pour lequel a \u00e9t\u00e9 cr\u00e9\u00e9e la Mission des Nations unies au Sahara occidental (Minurso).\u00a0<\/p>\n<p>Aussi, les manifestants appellent \u00e0 mettre un terme \u00e0 la souffrance inacceptable du peuple sahraoui face au silence de l&rsquo;ONU notamment dans les territoires occup\u00e9s. Ils exigent \u00e9galement le retrait imm\u00e9diat des troupes marocaines des territoires sahraouis occup\u00e9s et de d\u00e9voiler le sort des disparus ainsi que la lib\u00e9ration de tous les prisonniers civils sahraouis d\u00e9tenus dans les ge\u00f4les marocaines.\u00a0<\/p>\n<p class=\"c6\"><strong>APS<\/strong><\/p>\n<\/div>\n<p>Auteur:<br \/>\n<a href=\"https:\/\/www.liberte-algerie.com\/actualite\/agression-militaire-marocaine-a-el-guerguerat-348905\">Cliquez ici pour lire l&rsquo;article depuis sa source.<\/a><\/p>\n","protected":false},"excerpt":{"rendered":"<p>Le Maroc a men\u00e9 vendredi une agression militaire dans la r\u00e9gion d\u2019El Guerguerat, au sud-ouest du Sahara Occidental, o\u00f9 des Sahraouis civils manifestaient pacifiquement depuis le 21 octobre pour r\u00e9clamer la fermeture d\u00e9finitive de la br\u00e8che ill\u00e9gale cr\u00e9\u00e9e dans le mur de sable \u00e9rig\u00e9 par l\u2019occupant marocain, a-t-on confirm\u00e9 aupr\u00e8s de sources sahraouies. L&rsquo;agression est [&hellip;]<\/p>\n","protected":false},"author":1742,"featured_media":0,"comment_status":"closed","ping_status":"closed","sticky":false,"template":"","format":"standard","meta":{"fifu_image_url":"","fifu_image_alt":"","footnotes":""},"categories":[73,53],"tags":[],"class_list":["post-104578","post","type-post","status-publish","format-standard","hentry","category-actualite","category-algerie"],"_links":{"self":[{"href":"https:\/\/linitiative.ca\/International\/wp-json\/wp\/v2\/posts\/104578","targetHints":{"allow":["GET"]}}],"collection":[{"href":"https:\/\/linitiative.ca\/International\/wp-json\/wp\/v2\/posts"}],"about":[{"href":"https:\/\/linitiative.ca\/International\/wp-json\/wp\/v2\/types\/post"}],"author":[{"embeddable":true,"href":"https:\/\/linitiative.ca\/International\/wp-json\/wp\/v2\/users\/1742"}],"replies":[{"embeddable":true,"href":"https:\/\/linitiative.ca\/International\/wp-json\/wp\/v2\/comments?post=104578"}],"version-history":[{"count":0,"href":"https:\/\/linitiative.ca\/International\/wp-json\/wp\/v2\/posts\/104578\/revisions"}],"wp:attachment":[{"href":"https:\/\/linitiative.ca\/International\/wp-json\/wp\/v2\/media?parent=104578"}],"wp:term":[{"taxonomy":"category","embeddable":true,"href":"https:\/\/linitiative.ca\/International\/wp-json\/wp\/v2\/categories?post=104578"},{"taxonomy":"post_tag","embeddable":true,"href":"https:\/\/linitiative.ca\/International\/wp-json\/wp\/v2\/tags?post=104578"}],"curies":[{"name":"wp","href":"https:\/\/api.w.org\/{rel}","templated":true}]}}