{"id":104579,"date":"2020-11-13T03:29:13","date_gmt":"2020-11-13T08:29:13","guid":{"rendered":"https:\/\/linitiative.ca\/International\/linternational-libyen-ossama-al-badawi-debarque-a-locs\/"},"modified":"2020-11-13T03:29:13","modified_gmt":"2020-11-13T08:29:13","slug":"linternational-libyen-ossama-al-badawi-debarque-a-locs","status":"publish","type":"post","link":"https:\/\/linitiative.ca\/International\/linternational-libyen-ossama-al-badawi-debarque-a-locs\/","title":{"rendered":"L\u2019international Libyen Ossama Al Badawi d\u00e9barque \u00e0 l\u2019OCS"},"content":{"rendered":"<div readability=\"35\">\n<p>Safi- L\u2019international Libyen Ossama Al Badawi vient de signer pour deux saisons sportives avec l\u2019Olympique Club de Safi (OCS), Section football, a annonc\u00e9 l\u2019OCS.<\/p>\n<\/div>\n<div readability=\"58\">\n<p>Le milieu de terrain libyen, dont le contrat avec Al Nasr (Libye) est arriv\u00e9 \u00e0 terme en ao\u00fbt dernier, d\u00e9fendra ainsi les couleurs de l\u2019\u00e9quipe\u00a0safiote durant les saisons sportives 2020-2021 et 2021-2022.<\/p>\n<p>L\u2019international libyen a exprim\u00e9 \u00e0 cette occasion, sa joie de rejoindre l\u2019\u00e9quipe de la cit\u00e9 de l\u2019Oc\u00e9an, \u00ab\u00a0un transfert qui repr\u00e9sente un saut qualitatif dans son parcours sportif\u00a0\u00bb.<\/p>\n<p>Ossama Al-Badawi a \u00e9mis le souhait d\u2019\u00eatre \u00e0 la hauteur des attentes de toutes les composantes du Club, faisant savoir que son aspiration est de parvenir \u00e0 gagner un titre avec l\u2019\u00e9quipe de\u00a0Safi.<\/p>\n<p>N\u00e9 en 1997, cet international libyen a jou\u00e9 pour les clubs libyens d\u2019Ahly Tripoli et d\u2019Al Nasr ainsi que pour la s\u00e9lection olympique libyenne.<\/p>\n<p>Le bureau dirigeant de l\u2019OCS ambitionne cette saison, de r\u00e9aliser des transferts de taille \u00e0 la hauteur des ambitions affich\u00e9es par le Club.<\/p>\n<p>A rappeler que l\u2019OCS a termin\u00e9 la Botola Pro D1 en 13 positions avec 33 points (06 victoires, 15 nuls et 09 d\u00e9faites).<\/p>\n<\/div>\n<p>Auteur: Mohammed KOURSI<br \/>\n<a href=\"http:\/\/www.mapmarrakech.ma\/fr\/linternational-libyen-ossama-al-badawi-debarque-a-locs\/\">Cliquez ici pour lire l&rsquo;article depuis sa source.<\/a><\/p>\n","protected":false},"excerpt":{"rendered":"<p>Safi- L\u2019international Libyen Ossama Al Badawi vient de signer pour deux saisons sportives avec l\u2019Olympique Club de Safi (OCS), Section football, a annonc\u00e9 l\u2019OCS. Le milieu de terrain libyen, dont le contrat avec Al Nasr (Libye) est arriv\u00e9 \u00e0 terme en ao\u00fbt dernier, d\u00e9fendra ainsi les couleurs de l\u2019\u00e9quipe\u00a0safiote durant les saisons sportives 2020-2021 et [&hellip;]<\/p>\n","protected":false},"author":1788,"featured_media":0,"comment_status":"closed","ping_status":"closed","sticky":false,"template":"","format":"standard","meta":{"fifu_image_url":"","fifu_image_alt":"","footnotes":""},"categories":[54,76],"tags":[],"class_list":["post-104579","post","type-post","status-publish","format-standard","hentry","category-maroc","category-regions"],"_links":{"self":[{"href":"https:\/\/linitiative.ca\/International\/wp-json\/wp\/v2\/posts\/104579","targetHints":{"allow":["GET"]}}],"collection":[{"href":"https:\/\/linitiative.ca\/International\/wp-json\/wp\/v2\/posts"}],"about":[{"href":"https:\/\/linitiative.ca\/International\/wp-json\/wp\/v2\/types\/post"}],"author":[{"embeddable":true,"href":"https:\/\/linitiative.ca\/International\/wp-json\/wp\/v2\/users\/1788"}],"replies":[{"embeddable":true,"href":"https:\/\/linitiative.ca\/International\/wp-json\/wp\/v2\/comments?post=104579"}],"version-history":[{"count":0,"href":"https:\/\/linitiative.ca\/International\/wp-json\/wp\/v2\/posts\/104579\/revisions"}],"wp:attachment":[{"href":"https:\/\/linitiative.ca\/International\/wp-json\/wp\/v2\/media?parent=104579"}],"wp:term":[{"taxonomy":"category","embeddable":true,"href":"https:\/\/linitiative.ca\/International\/wp-json\/wp\/v2\/categories?post=104579"},{"taxonomy":"post_tag","embeddable":true,"href":"https:\/\/linitiative.ca\/International\/wp-json\/wp\/v2\/tags?post=104579"}],"curies":[{"name":"wp","href":"https:\/\/api.w.org\/{rel}","templated":true}]}}