{"id":104580,"date":"2020-11-13T03:35:42","date_gmt":"2020-11-13T08:35:42","guid":{"rendered":"https:\/\/linitiative.ca\/International\/la-commune-de-marrakech-et-al-omrane-renforcent-leur-partenariat\/"},"modified":"2020-11-13T03:35:42","modified_gmt":"2020-11-13T08:35:42","slug":"la-commune-de-marrakech-et-al-omrane-renforcent-leur-partenariat","status":"publish","type":"post","link":"https:\/\/linitiative.ca\/International\/la-commune-de-marrakech-et-al-omrane-renforcent-leur-partenariat\/","title":{"rendered":"La commune de Marrakech et Al Omrane renforcent leur partenariat"},"content":{"rendered":"<div class=\"single-featured\"><img alt=\"\" data-src=\"http:\/\/www.mapmarrakech.ma\/map\/uploads\/2020\/11\/Commune-marrakech-Omrane.jpg\"\/><\/div>\n<div class=\"single-post-excerpt post-excerpt-bc\" readability=\"36\">\n<p>Marrakech- Le Conseil communal de Marrakech et Al Omrane Marrakech-Safi ont tenu, jeudi, une r\u00e9union consacr\u00e9e \u00e0 l\u2019examen des moyens \u00e0 m\u00eame de renforcer leur partenariat de mani\u00e8re \u00e0 servir l\u2019int\u00e9r\u00eat g\u00e9n\u00e9ral et soutenir les efforts de d\u00e9veloppement local.<\/p>\n<\/div>\n<div class=\"entry-content clearfix single-post-content\" readability=\"66\">\n<p>Tenue en pr\u00e9sence du maire de Marrakech, M. Mohamed Larbi Belcaid, et du nouveau directeur d\u2019Al Omrane Marrakech, M. Mohamed Dardouri, cette rencontre a \u00e9t\u00e9 l\u2019occasion d\u2019examiner nombre de questions li\u00e9es aux probl\u00e9matiques inh\u00e9rentes \u00e0 certains projets et aux moyens de les surmonter.<\/p>\n<p>Dans une allocution de circonstance, M. Belcaid a rappel\u00e9 que la soci\u00e9t\u00e9 Al Omrane est un \u00e9tablissement vital auquel se r\u00e9f\u00e8re l\u2019Etat en vue de la r\u00e9alisation de projets publics de base, notamment dans la ville de Marrakech, en l\u2019occurrence ceux relevant du chantier d\u2019envergure \u00ab\u00a0Marrakech, cit\u00e9 du Renouveau\u00a0\u00bb, les circuits touristiques et spirituels, et la mise \u00e0 niveau de l\u2019ancienne M\u00e9dina.<\/p>\n<p>De son c\u00f4t\u00e9, M. Dardouri a rappel\u00e9 les r\u00f4les pionniers de la Soci\u00e9t\u00e9 Al-Omrane notamment, la concr\u00e9tisation de nouveaux concepts de logement, l\u2019organisation et la dynamisation du march\u00e9 local de l\u2019immobilier, \u00e0 travers nombre de chantiers lanc\u00e9s dans diff\u00e9rentes villes et provinces relevant de la r\u00e9gion Marrakech-Safi, notant qu\u2019Al Omrane est consid\u00e9r\u00e9 \u00ab\u00a0un employeur\u00a0\u00bb social et \u00e9conomique majeur dans la r\u00e9gion, avec une exp\u00e9rience cumul\u00e9e de 40 ans en mati\u00e8re connaissance et parfaite maitrise des domaines du d\u00e9veloppement et de la construction.<\/p>\n<p>A l\u2019issue de cette rencontre, les deux parties ont soulign\u00e9 l\u2019imp\u00e9ratif d\u2019acc\u00e9l\u00e9rer le rythme de r\u00e9alisation des projets bloqu\u00e9s, notamment ceux qui devraient contribuer \u00e0 la cr\u00e9ation d\u2019emplois et \u00e0 g\u00e9n\u00e9rer de la richesse au profit des habitants de la r\u00e9gion.<\/p>\n<\/div>\n<p>Auteur: Mohammed KOURSI<br \/>\n<a href=\"http:\/\/www.mapmarrakech.ma\/fr\/la-commune-de-marrakech-et-al-omrane-renforcent-leur-partenariat\/\">Cliquez ici pour lire l&rsquo;article depuis sa source.<\/a><\/p>\n","protected":false},"excerpt":{"rendered":"<p>Marrakech- Le Conseil communal de Marrakech et Al Omrane Marrakech-Safi ont tenu, jeudi, une r\u00e9union consacr\u00e9e \u00e0 l\u2019examen des moyens \u00e0 m\u00eame de renforcer leur partenariat de mani\u00e8re \u00e0 servir l\u2019int\u00e9r\u00eat g\u00e9n\u00e9ral et soutenir les efforts de d\u00e9veloppement local. Tenue en pr\u00e9sence du maire de Marrakech, M. Mohamed Larbi Belcaid, et du nouveau directeur d\u2019Al [&hellip;]<\/p>\n","protected":false},"author":1788,"featured_media":104581,"comment_status":"closed","ping_status":"closed","sticky":false,"template":"","format":"standard","meta":{"fifu_image_url":"","fifu_image_alt":"","footnotes":""},"categories":[54,76],"tags":[],"class_list":["post-104580","post","type-post","status-publish","format-standard","has-post-thumbnail","hentry","category-maroc","category-regions"],"_links":{"self":[{"href":"https:\/\/linitiative.ca\/International\/wp-json\/wp\/v2\/posts\/104580","targetHints":{"allow":["GET"]}}],"collection":[{"href":"https:\/\/linitiative.ca\/International\/wp-json\/wp\/v2\/posts"}],"about":[{"href":"https:\/\/linitiative.ca\/International\/wp-json\/wp\/v2\/types\/post"}],"author":[{"embeddable":true,"href":"https:\/\/linitiative.ca\/International\/wp-json\/wp\/v2\/users\/1788"}],"replies":[{"embeddable":true,"href":"https:\/\/linitiative.ca\/International\/wp-json\/wp\/v2\/comments?post=104580"}],"version-history":[{"count":0,"href":"https:\/\/linitiative.ca\/International\/wp-json\/wp\/v2\/posts\/104580\/revisions"}],"wp:featuredmedia":[{"embeddable":true,"href":"https:\/\/linitiative.ca\/International\/wp-json\/"}],"wp:attachment":[{"href":"https:\/\/linitiative.ca\/International\/wp-json\/wp\/v2\/media?parent=104580"}],"wp:term":[{"taxonomy":"category","embeddable":true,"href":"https:\/\/linitiative.ca\/International\/wp-json\/wp\/v2\/categories?post=104580"},{"taxonomy":"post_tag","embeddable":true,"href":"https:\/\/linitiative.ca\/International\/wp-json\/wp\/v2\/tags?post=104580"}],"curies":[{"name":"wp","href":"https:\/\/api.w.org\/{rel}","templated":true}]}}