{"id":104582,"date":"2020-11-13T03:41:28","date_gmt":"2020-11-13T08:41:28","guid":{"rendered":"https:\/\/linitiative.ca\/International\/benguerir-batterie-de-mesures-contre-la-propagation-de-la-covid-19\/"},"modified":"2020-11-13T03:41:28","modified_gmt":"2020-11-13T08:41:28","slug":"benguerir-batterie-de-mesures-contre-la-propagation-de-la-covid-19","status":"publish","type":"post","link":"https:\/\/linitiative.ca\/International\/benguerir-batterie-de-mesures-contre-la-propagation-de-la-covid-19\/","title":{"rendered":"Bengu\u00e9rir: Batterie de mesures contre la propagation de la Covid-19"},"content":{"rendered":"<div class=\"single-featured\"><img alt=\"\" data-src=\"http:\/\/www.mapmarrakech.ma\/map\/uploads\/2020\/11\/bengu&#xE9;rir-mesures-2-712x430.jpg\"\/><\/div>\n<div class=\"single-post-excerpt post-excerpt-bc\" readability=\"36\">\n<p>Bengu\u00e9rir (province de Rehamna)- La pr\u00e9fecture de la province de Rehamna a annonc\u00e9, jeudi, l\u2019adoption d\u2019une batterie de mesures pr\u00e9ventives visant \u00e0 enrayer la propagation du nouveau coronavirus (Covid-19) au niveau de la ville de Bengu\u00e9rir.<\/p>\n<\/div>\n<div class=\"entry-content clearfix single-post-content\" readability=\"62\">\n<p>Ainsi, en se basant sur les donn\u00e9es relatives \u00e0 l\u2019\u00e9volution de la situation \u00e9pid\u00e9miologique marqu\u00e9e par une recrudescence des cas positifs de la Covid-19 \u00e0 Bengu\u00e9rir, le gouverneur de la province, M. Aziz Bouignane, a \u00e9mis une d\u00e9cision interdisant tout d\u00e9placement de et vers la ville de Beng\u00e9urir, \u00e0 l\u2019exception des personnes munies d&rsquo;\u00a0\u00bbune autorisation de d\u00e9placement exceptionnelle d\u00e9livr\u00e9e par les autorit\u00e9s locales comp\u00e9tentes.<\/p>\n<p>Ces mesures portent aussi sur l\u2019interdiction des rassemblements dans les jardins et places publiques, la fermeture des caf\u00e9s, locaux commerciaux et snacks de la ville de 21H00 jusqu\u2019\u00e0 07H00.<\/p>\n<p>Il a \u00e9t\u00e9 aussi d\u00e9cid\u00e9 de r\u00e9duire de 50% la capacit\u00e9 d\u2019accueil des moyens de transport public et d\u2019interdire la diffusion de matches de football dans les caf\u00e9s et restaurants.<\/p>\n<p>L\u2019ex\u00e9cution de cette d\u00e9cision, qui sera en vigueur pour une dur\u00e9e de 15 jours \u00e0 compter du mercredi, a \u00e9t\u00e9 confi\u00e9e aux autorit\u00e9s locales, aux services de la S\u00fbret\u00e9 nationale, de la Gendarmerie Royale et aux Forces Auxiliaires.<\/p>\n<p>Cette d\u00e9cision a \u00e9t\u00e9 prise suite aux recommandations \u00e9manant de la r\u00e9union du Comit\u00e9 provincial de veille charg\u00e9 de la gestion de la pand\u00e9mie du Covid-19 tenue mercredi au si\u00e8ge de la pr\u00e9fecture de la province et consacr\u00e9e \u00e0 l\u2019\u00e9valuation de la situation \u00e9pid\u00e9miologique, et ce conform\u00e9ment aux mesures adopt\u00e9es pour enrayer la propagation du nouveau coronavirus.<\/p>\n<\/div>\n<p>Auteur: Mohammed KOURSI<br \/>\n<a href=\"http:\/\/www.mapmarrakech.ma\/fr\/benguerir-batterie-de-mesures-contre-la-propagation-de-la-covid-19\/\">Cliquez ici pour lire l&rsquo;article depuis sa source.<\/a><\/p>\n","protected":false},"excerpt":{"rendered":"<p>Bengu\u00e9rir (province de Rehamna)- La pr\u00e9fecture de la province de Rehamna a annonc\u00e9, jeudi, l\u2019adoption d\u2019une batterie de mesures pr\u00e9ventives visant \u00e0 enrayer la propagation du nouveau coronavirus (Covid-19) au niveau de la ville de Bengu\u00e9rir. Ainsi, en se basant sur les donn\u00e9es relatives \u00e0 l\u2019\u00e9volution de la situation \u00e9pid\u00e9miologique marqu\u00e9e par une recrudescence des [&hellip;]<\/p>\n","protected":false},"author":1788,"featured_media":104583,"comment_status":"closed","ping_status":"closed","sticky":false,"template":"","format":"standard","meta":{"fifu_image_url":"","fifu_image_alt":"","footnotes":""},"categories":[54,76],"tags":[],"class_list":["post-104582","post","type-post","status-publish","format-standard","has-post-thumbnail","hentry","category-maroc","category-regions"],"_links":{"self":[{"href":"https:\/\/linitiative.ca\/International\/wp-json\/wp\/v2\/posts\/104582","targetHints":{"allow":["GET"]}}],"collection":[{"href":"https:\/\/linitiative.ca\/International\/wp-json\/wp\/v2\/posts"}],"about":[{"href":"https:\/\/linitiative.ca\/International\/wp-json\/wp\/v2\/types\/post"}],"author":[{"embeddable":true,"href":"https:\/\/linitiative.ca\/International\/wp-json\/wp\/v2\/users\/1788"}],"replies":[{"embeddable":true,"href":"https:\/\/linitiative.ca\/International\/wp-json\/wp\/v2\/comments?post=104582"}],"version-history":[{"count":0,"href":"https:\/\/linitiative.ca\/International\/wp-json\/wp\/v2\/posts\/104582\/revisions"}],"wp:featuredmedia":[{"embeddable":true,"href":"https:\/\/linitiative.ca\/International\/wp-json\/"}],"wp:attachment":[{"href":"https:\/\/linitiative.ca\/International\/wp-json\/wp\/v2\/media?parent=104582"}],"wp:term":[{"taxonomy":"category","embeddable":true,"href":"https:\/\/linitiative.ca\/International\/wp-json\/wp\/v2\/categories?post=104582"},{"taxonomy":"post_tag","embeddable":true,"href":"https:\/\/linitiative.ca\/International\/wp-json\/wp\/v2\/tags?post=104582"}],"curies":[{"name":"wp","href":"https:\/\/api.w.org\/{rel}","templated":true}]}}